{"id":7497,"date":"2018-05-15T18:58:32","date_gmt":"2018-05-15T23:58:32","guid":{"rendered":"https:\/\/www.michelleonbell.com\/blog\/9-cosas-que-no-sabias-del-nuevo-alfredo-di-roma\/"},"modified":"2022-03-22T17:15:46","modified_gmt":"2022-03-22T23:15:46","slug":"9-cosas-que-no-sabias-del-nuevo-alfredo-di-roma","status":"publish","type":"post","link":"https:\/\/www.michelleonbell.com\/blog\/en\/9-cosas-que-no-sabias-del-nuevo-alfredo-di-roma\/","title":{"rendered":"9 Cosas Que No Sab\u00edas del Nuevo Alfredo Di Roma"},"content":{"rendered":"<p>El restaurante Alfredo Di Roma dentro del hotel Presidente InterContinental abri\u00f3 sus puertas hace 22 a\u00f1os y es un \u00edcono representativo de la aut\u00e9ntica cocina italiana, un verdadero heredero de esta tradici\u00f3n.<\/p>\n<p>El Chef Mauro Chiecchio, proveniente de Piamonte ha estado al frente de la cocina desde la apertura del restaurante hace m\u00e1s de dos d\u00e9cadas enamorando a los m\u00e1s de 3 millones de comensales, tanto locales como extranjeros que ha recibido el restaurante.<\/p>\n<p>&nbsp;<\/p>\n<p><img loading=\"lazy\" class=\"aligncenter wp-image-7364\" src=\"https:\/\/www.michelleonbell.com\/blog\/wp-content\/uploads\/2018\/05\/Salon-2.png\" alt=\"\" width=\"650\" height=\"436\" \/><\/p>\n<p>&nbsp;<\/p>\n<p>Alfredo, como le llaman los locales, cerr\u00f3 brevemente sus puertas a principios de este a\u00f1o para dar paso a una extensa remodelaci\u00f3n que cambi\u00f3 completamente la cara del restaurante y revitaliz\u00f3 su men\u00fa para ofrecer una mayor variedad de platillos y nuevas presentaciones.<\/p>\n<p>Para conocer el nuevo Alfredo di Roma y celebrar su reapertura, les platico acerca de nueve cosas que seguramente no sab\u00edan del restaurante. \u00a1Esperando que se enamoren m\u00e1s de sus exquisitos platillos!<\/p>\n<p>&nbsp;<\/p>\n<figure id=\"attachment_7370\" aria-describedby=\"caption-attachment-7370\" style=\"width: 650px\" class=\"wp-caption aligncenter\"><img loading=\"lazy\" class=\"wp-image-7370\" src=\"https:\/\/www.michelleonbell.com\/blog\/wp-content\/uploads\/2018\/05\/Ravioles.jpg\" alt=\"\" width=\"650\" height=\"432\" \/><figcaption id=\"caption-attachment-7370\" class=\"wp-caption-text\">Ravioles bicolor de langosta y camarones en salsa bisque<\/figcaption><\/figure>\n<p>&nbsp;<\/p>\n<p><strong>Origen del Fettuccine Alfredo<\/strong><\/p>\n<p>El famoso Fettuccine Alfredo, platillo insignia en Alfredo di Roma, fue creado en 1908 por un joven llamado Alfredo di Lelio. En el restaurante de sus padres en Roma, cre\u00f3 dicha receta con el fin de estimular el apetito de su esposa, quien se encontraba muy debilitada despu\u00e9s de dar a luz. Gracias a esta sencilla receta hecha a base de s\u00e9mola ligera, mantequilla casera y queso parmesano de primera calidad consigui\u00f3 el camino que lo llev\u00f3 al \u00e9xito y le dio fama en el mundo, convirti\u00e9ndolo en uno de los platillos m\u00e1s aclamados de la cocina italiana.<\/p>\n<p>&nbsp;<\/p>\n<p><img loading=\"lazy\" class=\"aligncenter wp-image-7365\" src=\"https:\/\/www.michelleonbell.com\/blog\/wp-content\/uploads\/2018\/05\/Salon-3.jpg\" alt=\"\" width=\"650\" height=\"434\" \/><\/p>\n<p>&nbsp;<\/p>\n<p><strong>Alfredo di Roma llega a M\u00e9xico<\/strong><\/p>\n<p>El restaurante Alfredo di Roma abre sus puertas en el a\u00f1o 1996 en el Hotel Presidente InterContinental Polanco, con el objetivo de que los comensales en la Ciudad de M\u00e9xico puedan gozar de platillos aut\u00e9nticos italianos.<\/p>\n<p><strong>Refrescadita<\/strong><\/p>\n<p>Luego de 22 a\u00f1os operando, en enero del 2018 se decide remodelar el restaurante para darle un toque m\u00e1s moderno y fresco. El arquitecto Rafael Sama, Director de Sama Arquitectos, fue el encargado del proyecto de remodelaci\u00f3n que tom\u00f3 cerca de tres meses. Los comensales podr\u00e1n gozar espacios m\u00e1s amplios con una decoraci\u00f3n sobria y sofisticada d\u00f3nde predomina la madera, podr\u00e1n percibir algunos cuadros de la historia del restaurante y disfrutar una nueva terraza.<\/p>\n<p>&nbsp;<\/p>\n<p><img loading=\"lazy\" class=\"aligncenter wp-image-7366\" src=\"https:\/\/www.michelleonbell.com\/blog\/wp-content\/uploads\/2018\/05\/Cava1.jpg\" alt=\"\" width=\"650\" height=\"436\" \/><\/p>\n<p>&nbsp;<\/p>\n<p><strong>Para chupar<\/strong><\/p>\n<p>Cuando entras al restaurante te sorprender\u00e1 su espectacular cava, la cual cuenta con m\u00e1s de 1,500 etiquetas. La botella m\u00e1s cara es un Chateau Margaux 1988 de veinticuatro mil pesos.<\/p>\n<p>&nbsp;<\/p>\n<figure id=\"attachment_7367\" aria-describedby=\"caption-attachment-7367\" style=\"width: 650px\" class=\"wp-caption aligncenter\"><img loading=\"lazy\" class=\"wp-image-7367\" src=\"https:\/\/www.michelleonbell.com\/blog\/wp-content\/uploads\/2018\/05\/Pasta-corta.jpg\" alt=\"\" width=\"650\" height=\"433\" \/><figcaption id=\"caption-attachment-7367\" class=\"wp-caption-text\">Pasta corta de azafr\u00e1n con pulpo y tu\u00e9tano<\/figcaption><\/figure>\n<p>&nbsp;<\/p>\n<p><strong>Frescura ante todo<\/strong><\/p>\n<p>Todas sus pastas son hechas frescas en casa diariamente.<\/p>\n<p><strong>Los reyes del parmesano<\/strong><\/p>\n<p>Adentro de Alfredo di Roma podr\u00e1s observar una vitrina donde tienen expuestos m\u00e1s de 30 quesos parmeggiano reggiano, que utilizan para su famoso Fettuccine. \u00a1Desde su apertura en 1997 se han usado 116,000 kilos de parmesano en el restaurante!<\/p>\n<p>&nbsp;<\/p>\n<p><strong><img loading=\"lazy\" class=\"aligncenter wp-image-7368\" src=\"https:\/\/www.michelleonbell.com\/blog\/wp-content\/uploads\/2018\/05\/Fettuccine.jpg\" alt=\"\" width=\"650\" height=\"430\" \/>\u00a0<\/strong><\/p>\n<p><strong>El platillo cl\u00e1sico <\/strong><\/p>\n<p>El platillo insignia es el Fettucinne Alfredo, han vendido m\u00e1s de 2 millones de \u00f3rdenes. Al pedir esta pasta te la traen con cubiertos de oro y con una postal con el n\u00famero de folio de la pasta.<\/p>\n<p>&nbsp;<\/p>\n<p><img loading=\"lazy\" class=\"aligncenter wp-image-7371\" src=\"https:\/\/www.michelleonbell.com\/blog\/wp-content\/uploads\/2018\/05\/Terraza-.jpg\" alt=\"\" width=\"650\" height=\"455\" \/><\/p>\n<p>&nbsp;<\/p>\n<p><strong>Hall of Fame <\/strong><\/p>\n<p>Despu\u00e9s de 22 a\u00f1os de estar abiertos \u00a1se podr\u00e1n imaginar cuantos famosos han pasado por las puertas de Alfredo di Roma! \u2026 solo para nombrar a algunas an\u00e9cdotas simp\u00e1ticas:<\/p>\n<p>Los \u00faltimos tres presidentes de M\u00e9xico han comido en el restaurante. El presidente Fox era tan amante de Alfredo di Roma que le pidi\u00f3 al chef Mauro Chiecchio una cena privada en Los Pinos. El chef le hab\u00eda prometido a la se\u00f1ora Martha Sahag\u00fan que servir\u00eda mozzarella di buffala. En esa \u00e9poca dicho producto era muy complicado de conseguir en el pa\u00eds por ello lo importaban directo desde Italia. El d\u00eda de la cena cay\u00f3 un diluvio en la Ciudad de M\u00e9xico y debido a un par de contratiempos, el personal de compras del restaurante tuvo que recoger el queso en el aeropuerto y llevarlo directamente a los Pinos.<\/p>\n<p>Cada vez que viene a M\u00e9xico el reconocido cantante Chayanne, acude a Alfredo di Roma uno de sus restaurantes favoritos en la capital. Los meseros ya saben que le gusta sentarse en la mesa n\u00famero cien y que le tienen que servir tequila Casa Dragones.<\/p>\n<p>Otras celebridades que acuden frecuentemente al Alfredo di Roma son Emmanuel, Ang\u00e9lica Mar\u00eda, Jos\u00e9 Jos\u00e9<\/p>\n<p>&nbsp;<\/p>\n<p><img loading=\"lazy\" class=\"aligncenter wp-image-7369\" src=\"https:\/\/www.michelleonbell.com\/blog\/wp-content\/uploads\/2018\/05\/Tiramisu.jpg\" alt=\"\" width=\"650\" height=\"435\" \/><\/p>\n<p>&nbsp;<\/p>\n<p><strong>Final feliz <\/strong><strong>\u00a0<\/strong><\/p>\n<p>El postre m\u00e1s vendido en el restaurante es el cl\u00e1sico Tiramisu, hecho con espresso Illy \u00a1no se lo pierdan, es una delicia!<\/p>\n<p><a href=\"http:\/\/www.alfredodiroma.rest\/\" target=\"_blank\" rel=\"noopener\">alfredodiroma.rest<\/a><\/p>\n","protected":false},"excerpt":{"rendered":"<p>El restaurante Alfredo Di Roma dentro del hotel Presidente InterContinental abri&oacute; sus puertas hace 22 a&ntilde;os y es un &iacute;cono representativo de la aut&eacute;ntica cocina italiana, un verdadero heredero de&hellip;<\/p>\n","protected":false},"author":2,"featured_media":7495,"comment_status":"closed","ping_status":"closed","sticky":false,"template":"","format":"standard","meta":{"_exactmetrics_skip_tracking":false,"_exactmetrics_sitenote_active":false,"_exactmetrics_sitenote_note":"","_exactmetrics_sitenote_category":0},"categories":[89,91,87],"tags":[2020,2021,2022,2023,2024,2025,2026],"yoast_head":"<!-- This site is optimized with the Yoast SEO plugin v16.4 - https:\/\/yoast.com\/wordpress\/plugins\/seo\/ -->\n<title>9 Cosas Que No Sab\u00edas del Nuevo Alfredo Di Roma - Michell on Bell<\/title>\n<meta name=\"robots\" content=\"index, follow, max-snippet:-1, max-image-preview:large, max-video-preview:-1\" \/>\n<link rel=\"canonical\" href=\"https:\/\/www.michelleonbell.com\/blog\/en\/9-cosas-que-no-sabias-del-nuevo-alfredo-di-roma\/\" \/>\n<meta property=\"og:locale\" content=\"en_US\" \/>\n<meta property=\"og:type\" content=\"article\" \/>\n<meta property=\"og:title\" content=\"9 Cosas Que No Sab\u00edas del Nuevo Alfredo Di Roma - Michell on Bell\" \/>\n<meta property=\"og:description\" content=\"El restaurante Alfredo Di Roma dentro del hotel Presidente InterContinental abri&oacute; sus puertas hace 22 a&ntilde;os y es un &iacute;cono representativo de la aut&eacute;ntica cocina italiana, un verdadero heredero de&hellip;\" \/>\n<meta property=\"og:url\" content=\"https:\/\/www.michelleonbell.com\/blog\/en\/9-cosas-que-no-sabias-del-nuevo-alfredo-di-roma\/\" \/>\n<meta property=\"og:site_name\" content=\"Michell on Bell\" \/>\n<meta property=\"article:publisher\" content=\"https:\/\/www.facebook.com\/michelleonbell\/\" \/>\n<meta property=\"article:published_time\" content=\"2018-05-15T23:58:32+00:00\" \/>\n<meta property=\"article:modified_time\" content=\"2022-03-22T23:15:46+00:00\" \/>\n<meta property=\"og:image\" content=\"https:\/\/www.michelleonbell.com\/blog\/wp-content\/uploads\/2018\/05\/Salon-Principal-1-1024x680-1.jpg\" \/>\n\t<meta property=\"og:image:width\" content=\"1024\" \/>\n\t<meta property=\"og:image:height\" content=\"680\" \/>\n<meta name=\"twitter:card\" content=\"summary_large_image\" \/>\n<meta name=\"twitter:creator\" content=\"@michelleonbell\" \/>\n<meta name=\"twitter:site\" content=\"@michelleonbell\" \/>\n<meta name=\"twitter:label1\" content=\"Est. reading time\" \/>\n\t<meta name=\"twitter:data1\" content=\"5 minutes\" \/>\n<script type=\"application\/ld+json\" class=\"yoast-schema-graph\">{\"@context\":\"https:\/\/schema.org\",\"@graph\":[{\"@type\":\"Organization\",\"@id\":\"https:\/\/www.michelleonbell.com\/blog\/#organization\",\"name\":\"Michelle Meyer\",\"url\":\"https:\/\/www.michelleonbell.com\/blog\/\",\"sameAs\":[\"https:\/\/www.facebook.com\/michelleonbell\/\",\"https:\/\/www.instagram.com\/michelleonbell\/\",\"https:\/\/twitter.com\/michelleonbell\"],\"logo\":{\"@type\":\"ImageObject\",\"@id\":\"https:\/\/www.michelleonbell.com\/blog\/#logo\",\"inLanguage\":\"en-US\",\"url\":\"https:\/\/www.michelleonbell.com\/blog\/wp-content\/uploads\/2021\/05\/logo-mob-cropped.png\",\"contentUrl\":\"https:\/\/www.michelleonbell.com\/blog\/wp-content\/uploads\/2021\/05\/logo-mob-cropped.png\",\"width\":200,\"height\":200,\"caption\":\"Michelle Meyer\"},\"image\":{\"@id\":\"https:\/\/www.michelleonbell.com\/blog\/#logo\"}},{\"@type\":\"WebSite\",\"@id\":\"https:\/\/www.michelleonbell.com\/blog\/#website\",\"url\":\"https:\/\/www.michelleonbell.com\/blog\/\",\"name\":\"Michell on Bell\",\"description\":\"PR Professional, Specialized in Hospitality &amp; Tourism, World Traveler, Foodie, Runner\",\"publisher\":{\"@id\":\"https:\/\/www.michelleonbell.com\/blog\/#organization\"},\"potentialAction\":[{\"@type\":\"SearchAction\",\"target\":\"https:\/\/www.michelleonbell.com\/blog\/?s={search_term_string}\",\"query-input\":\"required name=search_term_string\"}],\"inLanguage\":\"en-US\"},{\"@type\":\"ImageObject\",\"@id\":\"https:\/\/www.michelleonbell.com\/blog\/en\/9-cosas-que-no-sabias-del-nuevo-alfredo-di-roma\/#primaryimage\",\"inLanguage\":\"en-US\",\"url\":\"https:\/\/www.michelleonbell.com\/blog\/wp-content\/uploads\/2018\/05\/Salon-Principal-1-1024x680-1.jpg\",\"contentUrl\":\"https:\/\/www.michelleonbell.com\/blog\/wp-content\/uploads\/2018\/05\/Salon-Principal-1-1024x680-1.jpg\",\"width\":1024,\"height\":680},{\"@type\":\"WebPage\",\"@id\":\"https:\/\/www.michelleonbell.com\/blog\/en\/9-cosas-que-no-sabias-del-nuevo-alfredo-di-roma\/#webpage\",\"url\":\"https:\/\/www.michelleonbell.com\/blog\/en\/9-cosas-que-no-sabias-del-nuevo-alfredo-di-roma\/\",\"name\":\"9 Cosas Que No Sab\\u00edas del Nuevo Alfredo Di Roma - Michell on Bell\",\"isPartOf\":{\"@id\":\"https:\/\/www.michelleonbell.com\/blog\/#website\"},\"primaryImageOfPage\":{\"@id\":\"https:\/\/www.michelleonbell.com\/blog\/en\/9-cosas-que-no-sabias-del-nuevo-alfredo-di-roma\/#primaryimage\"},\"datePublished\":\"2018-05-15T23:58:32+00:00\",\"dateModified\":\"2022-03-22T23:15:46+00:00\",\"breadcrumb\":{\"@id\":\"https:\/\/www.michelleonbell.com\/blog\/en\/9-cosas-que-no-sabias-del-nuevo-alfredo-di-roma\/#breadcrumb\"},\"inLanguage\":\"en-US\",\"potentialAction\":[{\"@type\":\"ReadAction\",\"target\":[\"https:\/\/www.michelleonbell.com\/blog\/en\/9-cosas-que-no-sabias-del-nuevo-alfredo-di-roma\/\"]}]},{\"@type\":\"BreadcrumbList\",\"@id\":\"https:\/\/www.michelleonbell.com\/blog\/en\/9-cosas-que-no-sabias-del-nuevo-alfredo-di-roma\/#breadcrumb\",\"itemListElement\":[{\"@type\":\"ListItem\",\"position\":1,\"item\":{\"@type\":\"WebPage\",\"@id\":\"https:\/\/www.michelleonbell.com\/blog\/en\/home-1\/\",\"url\":\"https:\/\/www.michelleonbell.com\/blog\/en\/home-1\/\",\"name\":\"Portada\"}},{\"@type\":\"ListItem\",\"position\":2,\"item\":{\"@id\":\"https:\/\/www.michelleonbell.com\/blog\/en\/9-cosas-que-no-sabias-del-nuevo-alfredo-di-roma\/#webpage\"}}]},{\"@type\":\"Article\",\"@id\":\"https:\/\/www.michelleonbell.com\/blog\/en\/9-cosas-que-no-sabias-del-nuevo-alfredo-di-roma\/#article\",\"isPartOf\":{\"@id\":\"https:\/\/www.michelleonbell.com\/blog\/en\/9-cosas-que-no-sabias-del-nuevo-alfredo-di-roma\/#webpage\"},\"author\":{\"@id\":\"https:\/\/www.michelleonbell.com\/blog\/#\/schema\/person\/e5566a79bd9e9c37a191201dd380c14a\"},\"headline\":\"9 Cosas Que No Sab\\u00edas del Nuevo Alfredo Di Roma\",\"datePublished\":\"2018-05-15T23:58:32+00:00\",\"dateModified\":\"2022-03-22T23:15:46+00:00\",\"mainEntityOfPage\":{\"@id\":\"https:\/\/www.michelleonbell.com\/blog\/en\/9-cosas-que-no-sabias-del-nuevo-alfredo-di-roma\/#webpage\"},\"wordCount\":819,\"publisher\":{\"@id\":\"https:\/\/www.michelleonbell.com\/blog\/#organization\"},\"image\":{\"@id\":\"https:\/\/www.michelleonbell.com\/blog\/en\/9-cosas-que-no-sabias-del-nuevo-alfredo-di-roma\/#primaryimage\"},\"thumbnailUrl\":\"https:\/\/www.michelleonbell.com\/blog\/wp-content\/uploads\/2018\/05\/Salon-Principal-1-1024x680-1.jpg\",\"keywords\":[\"9 cosas que no sab\\u00edas del alfredo di roma\",\"alfredo di roma\",\"fetticcuine alfredo\",\"fettuccine alfredo en la cdmx\",\"mauro chiecco\",\"pasta\",\"restaurante italiano cdmx\"],\"articleSection\":[\"A great meal\",\"I am looking for\",\"Mexico City\"],\"inLanguage\":\"en-US\"},{\"@type\":\"Person\",\"@id\":\"https:\/\/www.michelleonbell.com\/blog\/#\/schema\/person\/e5566a79bd9e9c37a191201dd380c14a\",\"name\":\"Michelle Meyer\",\"image\":{\"@type\":\"ImageObject\",\"@id\":\"https:\/\/www.michelleonbell.com\/blog\/#personlogo\",\"inLanguage\":\"en-US\",\"url\":\"https:\/\/secure.gravatar.com\/avatar\/5bb15fe04b7ebab4877b86735ddc3eb0?s=96&d=mm&r=g\",\"contentUrl\":\"https:\/\/secure.gravatar.com\/avatar\/5bb15fe04b7ebab4877b86735ddc3eb0?s=96&d=mm&r=g\",\"caption\":\"Michelle Meyer\"},\"sameAs\":[\"awbxbe\"]}]}<\/script>\n<!-- \/ Yoast SEO plugin. -->","_links":{"self":[{"href":"https:\/\/www.michelleonbell.com\/blog\/en\/wp-json\/wp\/v2\/posts\/7497"}],"collection":[{"href":"https:\/\/www.michelleonbell.com\/blog\/en\/wp-json\/wp\/v2\/posts"}],"about":[{"href":"https:\/\/www.michelleonbell.com\/blog\/en\/wp-json\/wp\/v2\/types\/post"}],"author":[{"embeddable":true,"href":"https:\/\/www.michelleonbell.com\/blog\/en\/wp-json\/wp\/v2\/users\/2"}],"replies":[{"embeddable":true,"href":"https:\/\/www.michelleonbell.com\/blog\/en\/wp-json\/wp\/v2\/comments?post=7497"}],"version-history":[{"count":1,"href":"https:\/\/www.michelleonbell.com\/blog\/en\/wp-json\/wp\/v2\/posts\/7497\/revisions"}],"predecessor-version":[{"id":7498,"href":"https:\/\/www.michelleonbell.com\/blog\/en\/wp-json\/wp\/v2\/posts\/7497\/revisions\/7498"}],"wp:featuredmedia":[{"embeddable":true,"href":"https:\/\/www.michelleonbell.com\/blog\/en\/wp-json\/wp\/v2\/media\/7495"}],"wp:attachment":[{"href":"https:\/\/www.michelleonbell.com\/blog\/en\/wp-json\/wp\/v2\/media?parent=7497"}],"wp:term":[{"taxonomy":"category","embeddable":true,"href":"https:\/\/www.michelleonbell.com\/blog\/en\/wp-json\/wp\/v2\/categories?post=7497"},{"taxonomy":"post_tag","embeddable":true,"href":"https:\/\/www.michelleonbell.com\/blog\/en\/wp-json\/wp\/v2\/tags?post=7497"}],"curies":[{"name":"wp","href":"https:\/\/api.w.org\/{rel}","templated":true}]}}