{"id":7723,"date":"2018-09-05T21:43:08","date_gmt":"2018-09-06T02:43:08","guid":{"rendered":"https:\/\/www.michelleonbell.com\/blog\/english-5-cosas-para-hacer-en-septiembre-en-la-ciudad-de-mexico\/"},"modified":"2022-03-24T16:56:48","modified_gmt":"2022-03-24T22:56:48","slug":"english-5-cosas-para-hacer-en-septiembre-en-la-ciudad-de-mexico","status":"publish","type":"post","link":"https:\/\/www.michelleonbell.com\/blog\/en\/english-5-cosas-para-hacer-en-septiembre-en-la-ciudad-de-mexico\/","title":{"rendered":"5 Cosas Para Hacer en Septiembre en la Ciudad de M\u00e9xico"},"content":{"rendered":"<p>El lluvioso mes de septiembre comienza y marca el inicio de las fiestas patrias. Para muchos este ser\u00e1 un mes agridulce pues adem\u00e1s de celebrar las fiestas patrias, recordaremos el aniversario del terremoto del pasado 19 de septiembre, \u00a1es impresionante lo r\u00e1pido que se paso el a\u00f1o!<\/p>\n<p>En estas fechas podemos gozar de los deliciosos chiles en nogada, muy representativos de la temporada, gracias a la frescura de los ingredientes como nuez de castilla y granada que nada m\u00e1s encontramos durante este periodo. No debemos olvidar los distintos <em>happenings<\/em> que est\u00e1n sucediendo en la ciudad aprovechando que los chilangos estamos de regreso llenos de energ\u00eda para el resto del a\u00f1o. Dentro de las actividades del mes encontramos festivales gastron\u00f3micos, catas de tequila \u00a1para brindar en el grito! y una novedoso restaurante vegano para quienes siguen esa dieta.<\/p>\n<p>Aprovechen el mes patrio y visten nuestras recomendaciones de qu\u00e9 hacer y d\u00f3nde comer durante septiembre en la CDMX.<\/p>\n<p>&nbsp;<\/p>\n<p><img loading=\"lazy\" class=\"aligncenter size-especio-thumb-big wp-image-7718\" src=\"https:\/\/www.michelleonbell.com\/blog\/wp-content\/uploads\/2018\/09\/PANCAKE-DE-CAMOTE-MORADO-CON-PLA\u0301TANO-768x512-1-760x428.jpg\" alt=\"\" width=\"760\" height=\"428\" srcset=\"https:\/\/www.michelleonbell.com\/blog\/wp-content\/uploads\/2018\/09\/PANCAKE-DE-CAMOTE-MORADO-CON-PLA\u0301TANO-768x512-1-760x428.jpg 760w, https:\/\/www.michelleonbell.com\/blog\/wp-content\/uploads\/2018\/09\/PANCAKE-DE-CAMOTE-MORADO-CON-PLA\u0301TANO-768x512-1-370x208.jpg 370w, https:\/\/www.michelleonbell.com\/blog\/wp-content\/uploads\/2018\/09\/PANCAKE-DE-CAMOTE-MORADO-CON-PLA\u0301TANO-768x512-1-270x152.jpg 270w\" sizes=\"(max-width: 760px) 100vw, 760px\" \/><\/p>\n<p>&nbsp;<\/p>\n<p><strong>\u00a1Chapul\u00edn despierta desde temprano!<\/strong><\/p>\n<p>Chapul\u00edn, uno de mis restaurantes mexicanos favoritos en la capital est\u00e1 estrenando desayunos. Este reconocido restaurante dentro del Presidente Intercontinental en Polanco presenta un nuevo men\u00fa para empezar el d\u00eda con una variedad de platillos que van desde lo tradicional a lo m\u00e1s healthy. Entre las especialidades de la carta destacan el <em>muffin de hoja santa<\/em>, <em>los pancakes con camote morado y pl\u00e1tano<\/em>, <em>el omelette de champi\u00f1ones en crema de flor de calabaza<\/em>, <em>los chilaquiles con lech\u00f3n<\/em> y <em>la t\u00e9tela de hongos de temporada. <\/em>Si te encanta desayunar fuera de casa, debes probar su propuesta.<\/p>\n<p><span class=\"LrzXr\">Campos El\u00edseos 218, Polanco<\/span>\u00a0 Tel: <span class=\"LrzXr zdqRlf kno-fv\"><span data-dtype=\"d3ifr\" data-local-attribute=\"d3ph\">5327 7789<\/span><\/span><\/p>\n<p><a href=\"http:\/\/www.chapulin.rest\/\" target=\"_blank\" rel=\"noopener\">www.chapulin.rest\/<\/a><\/p>\n<p>&nbsp;<\/p>\n<p><img loading=\"lazy\" class=\"aligncenter wp-image-7647\" src=\"https:\/\/www.michelleonbell.com\/blog\/wp-content\/uploads\/2018\/09\/MOLE-NEGRO.jpg\" alt=\"\" width=\"650\" height=\"433\" \/><\/p>\n<p>&nbsp;<\/p>\n<p><strong>Festival de Oaxaca en La Cantina Palacio <\/strong><\/p>\n<p>Durante el mes de septiembre, La Cantina Palacio, dentro de las tiendas Palacio de Hierro, rendir\u00e1 tributo a una de las cocinas regionales m\u00e1s populares en M\u00e9xico y el extranjero, la oaxaque\u00f1a. Con la colaboraci\u00f3n de Celia Flori\u00e1n cocinera tradicional propietaria de Las Quince Letras en Oaxaca, junto con su hijo Alam M\u00e9ndez chef de Pasillo de Humo, proponen un men\u00fa que permite a los comensales gozar de los sabores de la cocina de Oaxaca. Dentro de los platillos que puedes probar resaltan los <em>tacos de hoja santa <\/em>con chapulines, quesillo y frijoles; las <em>garnachas istme\u00f1as<\/em> con carne deshebrada, encurtido de col y chile pasilla mixe; el <em>mole negro<\/em> con pato y la <em>torrija<\/em> de pan de yema, salsa de rosita de cacao y pl\u00e1tanos a la mantequilla.<\/p>\n<p>Dicho men\u00fa estar\u00e1 disponible en las tres sucursales de La Cantina Palacio (Polanco, Santa Fe y Perisur) hasta el 30 de septiembre.<\/p>\n<p><a href=\"https:\/\/www.elpalaciodehierro.com\/restaurantes\/lacantina?INT=EPH:171202-CantinaPalacio:M2-Gnl2:Restaurantes\" target=\"_blank\" rel=\"noopener\">elpalaciodehierro.com\/restaurantes<\/a><\/p>\n<p>&nbsp;<\/p>\n<p><img loading=\"lazy\" class=\"aligncenter wp-image-7648\" src=\"https:\/\/www.michelleonbell.com\/blog\/wp-content\/uploads\/2018\/09\/Malva-Platillos-2-01601.jpg\" alt=\"\" width=\"650\" height=\"434\" \/><\/p>\n<p>&nbsp;<\/p>\n<p><strong>Malva Vegan Experience<\/strong><\/p>\n<p>En varias ocasiones me ha pasado que mis seguidores o amigos cercanos me preguntan que restaurante vegano les recomiendo en la ciudad y me quedo con cara de what, porque siendo muy honesta nunca visito este tipo de lugares en la capital y se poco del tema. Pues hace poco abri\u00f3 Malva Vegan Experience un lugar vegano en Santa Fe y recientemente lo visite para ver de que trataba. El restaurante es muy moderno decorado en colores rosa mexicano y negro y ofrece una variedad de platillos originales y con excelente saz\u00f3n\u2026\u00a1porque ser vegano no significa que no puedes comer rico! Algunos de los platillos insignia que m\u00e1s me gustaron fueron el <em>aguachile verde de chia<\/em>, las <em>bolitas de pl\u00e1tano<\/em> con camote amarillo, el <em>burrito de cochinita vegana<\/em>, y la <em>lasagna.<\/em> Si eres muy postrero no te pierdas el <em>cheescake<\/em> con frutos rojos. Inclusive si no eres vegano pero alg\u00fan amigo tuyo si lo es, vale la pena visitar Malva y vivir esta experiencia.<\/p>\n<p>Guillermo Gonz\u00e1lez Camarena 900\u00a0\u00a0\u00a0\u00a0\u00a0\u00a0 Tel: 5292 7888<\/p>\n<p><a href=\"https:\/\/malvavegan.com\/\" target=\"_blank\" rel=\"noopener\">https:\/\/malvavegan.com\/<\/a><\/p>\n<p>&nbsp;<\/p>\n<p><img loading=\"lazy\" class=\"aligncenter wp-image-7625\" src=\"https:\/\/www.michelleonbell.com\/blog\/wp-content\/uploads\/2018\/08\/Fonda-Fina.jpg\" alt=\"\" width=\"650\" height=\"478\" \/><\/p>\n<p><strong>Chile en Nogada en Fonda Fina<\/strong><\/p>\n<p>Ahora que estamos en plena temporada de chiles en nogada les recomiendo ampliamente probar el del chef Juan Cabrera quien se ha distinguido por el sabor y la presentaci\u00f3n de cada uno de sus platos en Fonda Fina, donde el\u00a0chile\u00a0en\u00a0nogada\u00a0no es la excepci\u00f3n. Su\u00a0nogada\u00a0destaca por el sutil sabor del j\u00e9rez seco de Espa\u00f1a y el queso de cabra lo cual lo hace ser no tan dulce. La particularidad de este\u00a0chile\u00a0es que es marinado en especias y piloncillo, otorg\u00e1ndole un sabor riqu\u00edsimo y distinto.<\/p>\n<p>Para quienes son amantes de este platillo y quieren probar otras versiones no se pierdan nuestra nota: <a href=\"https:\/\/www.michelleonbell.com\/blog\/todos-los-chiles-en-nogada-que-debes-probar-esta-temporada\/\" target=\"_blank\" rel=\"noopener\">Todos Los Chiles en Nogada Que Deben Probar Esta Temporada.<\/a><\/p>\n<p>Medell\u00edn 79, Roma Norte\u00a0\u00a0 Tel: 5208 3925<\/p>\n<p><a href=\"http:\/\/www.fondafina.com.mx\/\">fondafina.com.mx\/<\/a><\/p>\n<p>&nbsp;<\/p>\n<p><img loading=\"lazy\" class=\"aligncenter wp-image-7649\" src=\"https:\/\/www.michelleonbell.com\/blog\/wp-content\/uploads\/2018\/09\/DSC_0099.jpg\" alt=\"\" width=\"550\" height=\"825\" \/><\/p>\n<p>&nbsp;<\/p>\n<p><strong>Festival del Tequila en Market Kitchen <\/strong><\/p>\n<p>Market Kitchen dentro de The Westin Santa Fe celebra el mes patrio con un festival de Tequila donde los comensales pueden gozar de cinco cocteles especiales a base de este destilado. Nuestros favoritos sin duda fueron el <em>azul celeste<\/em> con Clase Azul, frutos rojos y vino espumoso; el <em>Revoluci\u00f3n jamaica<\/em> con Revoluci\u00f3n blanco, herb\u00e1cea, jamaica y sal de lombriz; y el <em>margarita real<\/em> con Patr\u00f3n blanco, Ancho Reyes y sal de guayaba. Los cocteles pueden ser acompa\u00f1ados con antojitos mexicanos como gorditas de jaiba, esquites y huachinango zarandeado dando el maridaje ideal. Adem\u00e1s, los mi\u00e9rcoles durante el mes de septiembre a las 8 pm se realizar\u00e1n catas con diversas casas tequileras para poder degustar las variedades de agave y conocer m\u00e1s acerca de la diferentes marcas.<\/p>\n<p><span class=\"LrzXr\">Av. Javier Barros Sierra 540, Santa Fe<\/span>\u00a0\u00a0\u00a0\u00a0\u00a0\u00a0 Tel: <span class=\"LrzXr zdqRlf kno-fv\"><span data-dtype=\"d3ifr\" data-local-attribute=\"d3ph\">5089 8043<\/span><\/span><\/p>\n<p><a href=\"https:\/\/www.marketkitchendf.com\/es\/home\" target=\"_blank\" rel=\"noopener\">www.marketkitchendf.com\/<\/a><\/p>\n","protected":false},"excerpt":{"rendered":"<p>El lluvioso mes de septiembre comienza y marca el inicio de las fiestas patrias. Para muchos este ser&aacute; un mes agridulce pues adem&aacute;s de celebrar las fiestas patrias, recordaremos el&hellip;<\/p>\n","protected":false},"author":2,"featured_media":7721,"comment_status":"closed","ping_status":"closed","sticky":false,"template":"","format":"standard","meta":{"_exactmetrics_skip_tracking":false,"_exactmetrics_sitenote_active":false,"_exactmetrics_sitenote_note":"","_exactmetrics_sitenote_category":0},"categories":[84],"tags":[1636,1472,2128,2129,2130,1630,2131,2132,2133,2134],"yoast_head":"<!-- This site is optimized with the Yoast SEO plugin v16.4 - https:\/\/yoast.com\/wordpress\/plugins\/seo\/ -->\n<title>5 Cosas Para Hacer en Septiembre en la Ciudad de M\u00e9xico - Michell on Bell<\/title>\n<meta name=\"robots\" content=\"index, follow, max-snippet:-1, max-image-preview:large, max-video-preview:-1\" \/>\n<link rel=\"canonical\" href=\"https:\/\/www.michelleonbell.com\/blog\/en\/english-5-cosas-para-hacer-en-septiembre-en-la-ciudad-de-mexico\/\" \/>\n<meta property=\"og:locale\" content=\"en_US\" \/>\n<meta property=\"og:type\" content=\"article\" \/>\n<meta property=\"og:title\" content=\"5 Cosas Para Hacer en Septiembre en la Ciudad de M\u00e9xico - Michell on Bell\" \/>\n<meta property=\"og:description\" content=\"El lluvioso mes de septiembre comienza y marca el inicio de las fiestas patrias. Para muchos este ser&aacute; un mes agridulce pues adem&aacute;s de celebrar las fiestas patrias, recordaremos el&hellip;\" \/>\n<meta property=\"og:url\" content=\"https:\/\/www.michelleonbell.com\/blog\/en\/english-5-cosas-para-hacer-en-septiembre-en-la-ciudad-de-mexico\/\" \/>\n<meta property=\"og:site_name\" content=\"Michell on Bell\" \/>\n<meta property=\"article:publisher\" content=\"https:\/\/www.facebook.com\/michelleonbell\/\" \/>\n<meta property=\"article:published_time\" content=\"2018-09-06T02:43:08+00:00\" \/>\n<meta property=\"article:modified_time\" content=\"2022-03-24T22:56:48+00:00\" \/>\n<meta property=\"og:image\" content=\"https:\/\/www.michelleonbell.com\/blog\/wp-content\/uploads\/2018\/09\/TACO-DE-HOJA-SANTA-1024x682-1.jpg\" \/>\n\t<meta property=\"og:image:width\" content=\"1024\" \/>\n\t<meta property=\"og:image:height\" content=\"682\" \/>\n<meta name=\"twitter:card\" content=\"summary_large_image\" \/>\n<meta name=\"twitter:creator\" content=\"@michelleonbell\" \/>\n<meta name=\"twitter:site\" content=\"@michelleonbell\" \/>\n<meta name=\"twitter:label1\" content=\"Est. reading time\" \/>\n\t<meta name=\"twitter:data1\" content=\"5 minutes\" \/>\n<script type=\"application\/ld+json\" class=\"yoast-schema-graph\">{\"@context\":\"https:\/\/schema.org\",\"@graph\":[{\"@type\":\"Organization\",\"@id\":\"https:\/\/www.michelleonbell.com\/blog\/#organization\",\"name\":\"Michelle Meyer\",\"url\":\"https:\/\/www.michelleonbell.com\/blog\/\",\"sameAs\":[\"https:\/\/www.facebook.com\/michelleonbell\/\",\"https:\/\/www.instagram.com\/michelleonbell\/\",\"https:\/\/twitter.com\/michelleonbell\"],\"logo\":{\"@type\":\"ImageObject\",\"@id\":\"https:\/\/www.michelleonbell.com\/blog\/#logo\",\"inLanguage\":\"en-US\",\"url\":\"https:\/\/www.michelleonbell.com\/blog\/wp-content\/uploads\/2021\/05\/logo-mob-cropped.png\",\"contentUrl\":\"https:\/\/www.michelleonbell.com\/blog\/wp-content\/uploads\/2021\/05\/logo-mob-cropped.png\",\"width\":200,\"height\":200,\"caption\":\"Michelle Meyer\"},\"image\":{\"@id\":\"https:\/\/www.michelleonbell.com\/blog\/#logo\"}},{\"@type\":\"WebSite\",\"@id\":\"https:\/\/www.michelleonbell.com\/blog\/#website\",\"url\":\"https:\/\/www.michelleonbell.com\/blog\/\",\"name\":\"Michell on Bell\",\"description\":\"PR Professional, Specialized in Hospitality &amp; Tourism, World Traveler, Foodie, Runner\",\"publisher\":{\"@id\":\"https:\/\/www.michelleonbell.com\/blog\/#organization\"},\"potentialAction\":[{\"@type\":\"SearchAction\",\"target\":\"https:\/\/www.michelleonbell.com\/blog\/?s={search_term_string}\",\"query-input\":\"required name=search_term_string\"}],\"inLanguage\":\"en-US\"},{\"@type\":\"ImageObject\",\"@id\":\"https:\/\/www.michelleonbell.com\/blog\/en\/english-5-cosas-para-hacer-en-septiembre-en-la-ciudad-de-mexico\/#primaryimage\",\"inLanguage\":\"en-US\",\"url\":\"https:\/\/www.michelleonbell.com\/blog\/wp-content\/uploads\/2018\/09\/TACO-DE-HOJA-SANTA-1024x682-1.jpg\",\"contentUrl\":\"https:\/\/www.michelleonbell.com\/blog\/wp-content\/uploads\/2018\/09\/TACO-DE-HOJA-SANTA-1024x682-1.jpg\",\"width\":1024,\"height\":682},{\"@type\":\"WebPage\",\"@id\":\"https:\/\/www.michelleonbell.com\/blog\/en\/english-5-cosas-para-hacer-en-septiembre-en-la-ciudad-de-mexico\/#webpage\",\"url\":\"https:\/\/www.michelleonbell.com\/blog\/en\/english-5-cosas-para-hacer-en-septiembre-en-la-ciudad-de-mexico\/\",\"name\":\"5 Cosas Para Hacer en Septiembre en la Ciudad de M\\u00e9xico - Michell on Bell\",\"isPartOf\":{\"@id\":\"https:\/\/www.michelleonbell.com\/blog\/#website\"},\"primaryImageOfPage\":{\"@id\":\"https:\/\/www.michelleonbell.com\/blog\/en\/english-5-cosas-para-hacer-en-septiembre-en-la-ciudad-de-mexico\/#primaryimage\"},\"datePublished\":\"2018-09-06T02:43:08+00:00\",\"dateModified\":\"2022-03-24T22:56:48+00:00\",\"breadcrumb\":{\"@id\":\"https:\/\/www.michelleonbell.com\/blog\/en\/english-5-cosas-para-hacer-en-septiembre-en-la-ciudad-de-mexico\/#breadcrumb\"},\"inLanguage\":\"en-US\",\"potentialAction\":[{\"@type\":\"ReadAction\",\"target\":[\"https:\/\/www.michelleonbell.com\/blog\/en\/english-5-cosas-para-hacer-en-septiembre-en-la-ciudad-de-mexico\/\"]}]},{\"@type\":\"BreadcrumbList\",\"@id\":\"https:\/\/www.michelleonbell.com\/blog\/en\/english-5-cosas-para-hacer-en-septiembre-en-la-ciudad-de-mexico\/#breadcrumb\",\"itemListElement\":[{\"@type\":\"ListItem\",\"position\":1,\"item\":{\"@type\":\"WebPage\",\"@id\":\"https:\/\/www.michelleonbell.com\/blog\/en\/home-1\/\",\"url\":\"https:\/\/www.michelleonbell.com\/blog\/en\/home-1\/\",\"name\":\"Portada\"}},{\"@type\":\"ListItem\",\"position\":2,\"item\":{\"@id\":\"https:\/\/www.michelleonbell.com\/blog\/en\/english-5-cosas-para-hacer-en-septiembre-en-la-ciudad-de-mexico\/#webpage\"}}]},{\"@type\":\"Article\",\"@id\":\"https:\/\/www.michelleonbell.com\/blog\/en\/english-5-cosas-para-hacer-en-septiembre-en-la-ciudad-de-mexico\/#article\",\"isPartOf\":{\"@id\":\"https:\/\/www.michelleonbell.com\/blog\/en\/english-5-cosas-para-hacer-en-septiembre-en-la-ciudad-de-mexico\/#webpage\"},\"author\":{\"@id\":\"https:\/\/www.michelleonbell.com\/blog\/#\/schema\/person\/e5566a79bd9e9c37a191201dd380c14a\"},\"headline\":\"5 Cosas Para Hacer en Septiembre en la Ciudad de M\\u00e9xico\",\"datePublished\":\"2018-09-06T02:43:08+00:00\",\"dateModified\":\"2022-03-24T22:56:48+00:00\",\"mainEntityOfPage\":{\"@id\":\"https:\/\/www.michelleonbell.com\/blog\/en\/english-5-cosas-para-hacer-en-septiembre-en-la-ciudad-de-mexico\/#webpage\"},\"wordCount\":934,\"publisher\":{\"@id\":\"https:\/\/www.michelleonbell.com\/blog\/#organization\"},\"image\":{\"@id\":\"https:\/\/www.michelleonbell.com\/blog\/en\/english-5-cosas-para-hacer-en-septiembre-en-la-ciudad-de-mexico\/#primaryimage\"},\"thumbnailUrl\":\"https:\/\/www.michelleonbell.com\/blog\/wp-content\/uploads\/2018\/09\/TACO-DE-HOJA-SANTA-1024x682-1.jpg\",\"keywords\":[\"chapulin\",\"chiles en nogada\",\"desayunos chapul\\u00edn\",\"festival del tequila market kitchen\",\"festival oaxaque\\u00f1o\",\"fonda fina\",\"la cantina palacio\",\"malva\",\"palacio de hierro\",\"restaurante vegano cdmx\"],\"articleSection\":[\"Mexico city guides\"],\"inLanguage\":\"en-US\"},{\"@type\":\"Person\",\"@id\":\"https:\/\/www.michelleonbell.com\/blog\/#\/schema\/person\/e5566a79bd9e9c37a191201dd380c14a\",\"name\":\"Michelle Meyer\",\"image\":{\"@type\":\"ImageObject\",\"@id\":\"https:\/\/www.michelleonbell.com\/blog\/#personlogo\",\"inLanguage\":\"en-US\",\"url\":\"https:\/\/secure.gravatar.com\/avatar\/5bb15fe04b7ebab4877b86735ddc3eb0?s=96&d=mm&r=g\",\"contentUrl\":\"https:\/\/secure.gravatar.com\/avatar\/5bb15fe04b7ebab4877b86735ddc3eb0?s=96&d=mm&r=g\",\"caption\":\"Michelle Meyer\"},\"sameAs\":[\"awbxbe\"]}]}<\/script>\n<!-- \/ Yoast SEO plugin. -->","_links":{"self":[{"href":"https:\/\/www.michelleonbell.com\/blog\/en\/wp-json\/wp\/v2\/posts\/7723"}],"collection":[{"href":"https:\/\/www.michelleonbell.com\/blog\/en\/wp-json\/wp\/v2\/posts"}],"about":[{"href":"https:\/\/www.michelleonbell.com\/blog\/en\/wp-json\/wp\/v2\/types\/post"}],"author":[{"embeddable":true,"href":"https:\/\/www.michelleonbell.com\/blog\/en\/wp-json\/wp\/v2\/users\/2"}],"replies":[{"embeddable":true,"href":"https:\/\/www.michelleonbell.com\/blog\/en\/wp-json\/wp\/v2\/comments?post=7723"}],"version-history":[{"count":1,"href":"https:\/\/www.michelleonbell.com\/blog\/en\/wp-json\/wp\/v2\/posts\/7723\/revisions"}],"predecessor-version":[{"id":7724,"href":"https:\/\/www.michelleonbell.com\/blog\/en\/wp-json\/wp\/v2\/posts\/7723\/revisions\/7724"}],"wp:featuredmedia":[{"embeddable":true,"href":"https:\/\/www.michelleonbell.com\/blog\/en\/wp-json\/wp\/v2\/media\/7721"}],"wp:attachment":[{"href":"https:\/\/www.michelleonbell.com\/blog\/en\/wp-json\/wp\/v2\/media?parent=7723"}],"wp:term":[{"taxonomy":"category","embeddable":true,"href":"https:\/\/www.michelleonbell.com\/blog\/en\/wp-json\/wp\/v2\/categories?post=7723"},{"taxonomy":"post_tag","embeddable":true,"href":"https:\/\/www.michelleonbell.com\/blog\/en\/wp-json\/wp\/v2\/tags?post=7723"}],"curies":[{"name":"wp","href":"https:\/\/api.w.org\/{rel}","templated":true}]}}