{"id":8481,"date":"2019-05-08T00:13:41","date_gmt":"2019-05-08T05:13:41","guid":{"rendered":"https:\/\/www.michelleonbell.com\/blog\/5-festivales-gastronomicos-durante-mayo-en-mexico\/"},"modified":"2022-03-28T16:59:55","modified_gmt":"2022-03-28T22:59:55","slug":"5-festivales-gastronomicos-durante-mayo-en-mexico","status":"publish","type":"post","link":"https:\/\/www.michelleonbell.com\/blog\/en\/5-festivales-gastronomicos-durante-mayo-en-mexico\/","title":{"rendered":"5 Festivales Gastron\u00f3micos Durante Mayo, en M\u00e9xico"},"content":{"rendered":"<p>Empez\u00f3 el mes de mayo con el D\u00eda del Trabajo, despu\u00e9s los capitalinos regresamos a trabajar y a planear qu\u00e9 hacer para el 10 de Mayo. A pesar de que es un d\u00eda sumamente comercial y a muchos no nos gusta, hay que estar y consentir a mam\u00e1 de alguna forma. Mayo es un mes muy movido en cuanto a festivales gastron\u00f3micos tanto en la capital como en el interior de la Republica. As\u00ed que, si tienes oportunidad, no te pierdas y asiste a alguno de estos \u00a1no te arrepentir\u00e1s!<\/p>\n<p>&nbsp;<\/p>\n<p><img loading=\"lazy\" class=\"aligncenter wp-image-8318\" src=\"https:\/\/www.michelleonbell.com\/blog\/wp-content\/uploads\/2019\/05\/C0A334DD-5672-4FA2-B258-A9EB1FF6199D-1.jpg\" alt=\"\" width=\"650\" height=\"487\" \/><\/p>\n<p>&nbsp;<\/p>\n<p><strong>S\u00e1bados de <\/strong><strong>BBQ en The Palm Santa Fe <\/strong><\/p>\n<p>El reconocido steakhouse neoyorquino The Palm, en su sucursal de Santa Fe, ofrecer\u00e1 todos los s\u00e1bados de mayo diversos cortes con el aut\u00e9ntico sabor ahumado del BBQ estilo Luisiana, este festival ya lo hicieron anteriormente en Polanco y ahora llega a Santa Fe. Los comensales podr\u00e1n degustar salchichas ahumadas, St. Louis ribs, baby back ribs, pulled pork y brisket, estos \u00faltimos tambi\u00e9n disponibles en versi\u00f3n sandwich. Para acompa\u00f1ar la prote\u00edna de tu elecci\u00f3n hay guarniciones como col, cebolla frita crujiente, mac &amp; cheese y elote asado con mantequilla de langosta.<\/p>\n<p>En tu visita pregunta donde esta la parrilla para que el chef te explique sobre los diferentes cortes y c\u00f3mo los preparan para que queden suavecitos y deliciosos.<\/p>\n<p>Juan Salvador Agraz 97, Santa Fe\u00a0\u00a0\u00a0\u00a0\u00a0\u00a0\u00a0\u00a0 Tel: 1105 0190<\/p>\n<p>&nbsp;<\/p>\n<figure id=\"attachment_8319\" aria-describedby=\"caption-attachment-8319\" style=\"width: 640px\" class=\"wp-caption aligncenter\"><img loading=\"lazy\" class=\"wp-image-8319 size-full\" src=\"https:\/\/www.michelleonbell.com\/blog\/wp-content\/uploads\/2019\/05\/T0A0192-1.jpeg\" alt=\"\" width=\"640\" height=\"427\" srcset=\"https:\/\/www.michelleonbell.com\/blog\/wp-content\/uploads\/2019\/05\/T0A0192-1.jpeg 640w, https:\/\/www.michelleonbell.com\/blog\/wp-content\/uploads\/2019\/05\/T0A0192-1-300x200.jpeg 300w, https:\/\/www.michelleonbell.com\/blog\/wp-content\/uploads\/2019\/05\/T0A0192-1-370x247.jpeg 370w, https:\/\/www.michelleonbell.com\/blog\/wp-content\/uploads\/2019\/05\/T0A0192-1-600x400.jpeg 600w\" sizes=\"(max-width: 640px) 100vw, 640px\" \/><figcaption id=\"caption-attachment-8319\" class=\"wp-caption-text\">Foto cortes\u00eda MX Fest<\/figcaption><\/figure>\n<p>&nbsp;<\/p>\n<figure id=\"attachment_8330\" aria-describedby=\"caption-attachment-8330\" style=\"width: 550px\" class=\"wp-caption aligncenter\"><img loading=\"lazy\" class=\"wp-image-8330\" src=\"https:\/\/www.michelleonbell.com\/blog\/wp-content\/uploads\/2019\/05\/8B0D3357-67D7-4DDC-BB89-1F0A83912729-1.jpg\" alt=\"\" width=\"550\" height=\"778\" srcset=\"https:\/\/www.michelleonbell.com\/blog\/wp-content\/uploads\/2019\/05\/8B0D3357-67D7-4DDC-BB89-1F0A83912729-1.jpg 720w, https:\/\/www.michelleonbell.com\/blog\/wp-content\/uploads\/2019\/05\/8B0D3357-67D7-4DDC-BB89-1F0A83912729-1-212x300.jpg 212w, https:\/\/www.michelleonbell.com\/blog\/wp-content\/uploads\/2019\/05\/8B0D3357-67D7-4DDC-BB89-1F0A83912729-1-370x524.jpg 370w, https:\/\/www.michelleonbell.com\/blog\/wp-content\/uploads\/2019\/05\/8B0D3357-67D7-4DDC-BB89-1F0A83912729-1-600x849.jpg 600w\" sizes=\"(max-width: 550px) 100vw, 550px\" \/><figcaption id=\"caption-attachment-8330\" class=\"wp-caption-text\">Foto cortes\u00eda MX Fest<\/figcaption><\/figure>\n<p>&nbsp;<\/p>\n<p><strong>MXFest 2019<\/strong><\/p>\n<p>El festival MXFest 2019 estilo Bajaurbano re\u00fane a m\u00e1s de 100 restaurantes y chefs de diversas ciudades del pa\u00eds como la CDMX, Guadalajara, Monterrey, buscando difundir la cultura y el consumo del vino mexicano en conjunto a la extraordinaria gastronom\u00eda de Baja California.<\/p>\n<p>Durante todo el mes de mayo y junio, se ofrecer\u00e1n experiencias gastron\u00f3micas y maridajes inspirados en la cocina de Baja California con vinos de Monte Xanic. Algunas de las actividades que se estar\u00e1n ofreciendo en la Ciudad de M\u00e9xico son: cena maridaje en Comal de Piedra, brunch en Agua y Sal, barra de ma\u00edz estilo baja urbano en Niddo, cena maridaje a ciegas en Aitana entre muchas otras.<\/p>\n<p>Consulta el calendario <a href=\"https:\/\/montexanic.com.mx\/pages\/mx-fest-2019\" target=\"_blank\" rel=\"noopener\">aqu\u00ed<\/a> con las diversas comidas y cenas que estar\u00e1n ofreci\u00e9ndose en la Ciudad de M\u00e9xico durante todo el mes y encuentra una fecha que mejor te convenga.<\/p>\n<p>&nbsp;<\/p>\n<figure id=\"attachment_8320\" aria-describedby=\"caption-attachment-8320\" style=\"width: 650px\" class=\"wp-caption aligncenter\"><img loading=\"lazy\" class=\"wp-image-8320\" src=\"https:\/\/www.michelleonbell.com\/blog\/wp-content\/uploads\/2019\/05\/57503542_2324178541192187_4169828802446229504_o-1.jpg\" alt=\"\" width=\"650\" height=\"650\" srcset=\"https:\/\/www.michelleonbell.com\/blog\/wp-content\/uploads\/2019\/05\/57503542_2324178541192187_4169828802446229504_o-1.jpg 1080w, https:\/\/www.michelleonbell.com\/blog\/wp-content\/uploads\/2019\/05\/57503542_2324178541192187_4169828802446229504_o-1-300x300.jpg 300w, https:\/\/www.michelleonbell.com\/blog\/wp-content\/uploads\/2019\/05\/57503542_2324178541192187_4169828802446229504_o-1-1024x1024.jpg 1024w, https:\/\/www.michelleonbell.com\/blog\/wp-content\/uploads\/2019\/05\/57503542_2324178541192187_4169828802446229504_o-1-150x150.jpg 150w, https:\/\/www.michelleonbell.com\/blog\/wp-content\/uploads\/2019\/05\/57503542_2324178541192187_4169828802446229504_o-1-768x768.jpg 768w, https:\/\/www.michelleonbell.com\/blog\/wp-content\/uploads\/2019\/05\/57503542_2324178541192187_4169828802446229504_o-1-370x370.jpg 370w, https:\/\/www.michelleonbell.com\/blog\/wp-content\/uploads\/2019\/05\/57503542_2324178541192187_4169828802446229504_o-1-135x135.jpg 135w, https:\/\/www.michelleonbell.com\/blog\/wp-content\/uploads\/2019\/05\/57503542_2324178541192187_4169828802446229504_o-1-760x760.jpg 760w, https:\/\/www.michelleonbell.com\/blog\/wp-content\/uploads\/2019\/05\/57503542_2324178541192187_4169828802446229504_o-1-400x400.jpg 400w, https:\/\/www.michelleonbell.com\/blog\/wp-content\/uploads\/2019\/05\/57503542_2324178541192187_4169828802446229504_o-1-600x600.jpg 600w\" sizes=\"(max-width: 650px) 100vw, 650px\" \/><figcaption id=\"caption-attachment-8320\" class=\"wp-caption-text\">Foto cortes\u00eda Sabor Es Polanco<\/figcaption><\/figure>\n<p><strong>\u00a0<\/strong><\/p>\n<figure id=\"attachment_8321\" aria-describedby=\"caption-attachment-8321\" style=\"width: 550px\" class=\"wp-caption aligncenter\"><img loading=\"lazy\" class=\"wp-image-8321\" src=\"https:\/\/www.michelleonbell.com\/blog\/wp-content\/uploads\/2019\/05\/45518691_2218712848405424_3937516937688383488_n-1.jpg\" alt=\"\" width=\"550\" height=\"733\" srcset=\"https:\/\/www.michelleonbell.com\/blog\/wp-content\/uploads\/2019\/05\/45518691_2218712848405424_3937516937688383488_n-1.jpg 720w, https:\/\/www.michelleonbell.com\/blog\/wp-content\/uploads\/2019\/05\/45518691_2218712848405424_3937516937688383488_n-1-225x300.jpg 225w, https:\/\/www.michelleonbell.com\/blog\/wp-content\/uploads\/2019\/05\/45518691_2218712848405424_3937516937688383488_n-1-370x493.jpg 370w, https:\/\/www.michelleonbell.com\/blog\/wp-content\/uploads\/2019\/05\/45518691_2218712848405424_3937516937688383488_n-1-600x800.jpg 600w\" sizes=\"(max-width: 550px) 100vw, 550px\" \/><figcaption id=\"caption-attachment-8321\" class=\"wp-caption-text\">Foto cortes\u00eda Sabor Es Polanco<\/figcaption><\/figure>\n<p>&nbsp;<\/p>\n<p><strong>Sabor Es Polanco<\/strong><strong>\u00a0<\/strong><\/p>\n<p>Durante dos d\u00edas (18 y 19 de mayo) el Campo Marte se convierte en el punto de reuni\u00f3n para todos los conocedores del buen comer y beber en la Ciudad de M\u00e9xico gracias a Sabor Es Polanco, uno de los festivales gastron\u00f3micos m\u00e1s importantes de la capital. En el evento podr\u00e1s degustar comida de m\u00e1s de 70 restaurantes entre los cuales destacan Alfredo di Roma, El Baj\u00edo, Galanga Thai Kitchen, Garum, La Docena entre muchos otros. Para maridar la comida los asistentes podr\u00e1n degustar un sinf\u00edn de vinos, licores y mezcal<\/p>\n<p>M\u00e1s informaci\u00f3n y compra de boletos en <a href=\"https:\/\/saborespolanco.mx\/\">https:\/\/saborespolanco.mx\/<\/a><\/p>\n<p>&nbsp;<\/p>\n<p><strong>\u00a0<img loading=\"lazy\" class=\"aligncenter wp-image-8322\" src=\"https:\/\/www.michelleonbell.com\/blog\/wp-content\/uploads\/2019\/05\/D4DLQzSX4AAbNIi-1.jpg-large-1.jpg\" alt=\"\" width=\"550\" height=\"786\" srcset=\"https:\/\/www.michelleonbell.com\/blog\/wp-content\/uploads\/2019\/05\/D4DLQzSX4AAbNIi-1.jpg-large-1.jpg 896w, https:\/\/www.michelleonbell.com\/blog\/wp-content\/uploads\/2019\/05\/D4DLQzSX4AAbNIi-1.jpg-large-1-210x300.jpg 210w, https:\/\/www.michelleonbell.com\/blog\/wp-content\/uploads\/2019\/05\/D4DLQzSX4AAbNIi-1.jpg-large-1-717x1024.jpg 717w, https:\/\/www.michelleonbell.com\/blog\/wp-content\/uploads\/2019\/05\/D4DLQzSX4AAbNIi-1.jpg-large-1-768x1097.jpg 768w, https:\/\/www.michelleonbell.com\/blog\/wp-content\/uploads\/2019\/05\/D4DLQzSX4AAbNIi-1.jpg-large-1-370x529.jpg 370w, https:\/\/www.michelleonbell.com\/blog\/wp-content\/uploads\/2019\/05\/D4DLQzSX4AAbNIi-1.jpg-large-1-760x1086.jpg 760w, https:\/\/www.michelleonbell.com\/blog\/wp-content\/uploads\/2019\/05\/D4DLQzSX4AAbNIi-1.jpg-large-1-600x857.jpg 600w\" sizes=\"(max-width: 550px) 100vw, 550px\" \/><\/strong><\/p>\n<figure id=\"attachment_8323\" aria-describedby=\"caption-attachment-8323\" style=\"width: 650px\" class=\"wp-caption aligncenter\"><img loading=\"lazy\" class=\"wp-image-8323\" src=\"https:\/\/www.michelleonbell.com\/blog\/wp-content\/uploads\/2019\/05\/51378241_2498955026800544_4372738905938591744_o-1.jpg\" alt=\"\" width=\"650\" height=\"433\" srcset=\"https:\/\/www.michelleonbell.com\/blog\/wp-content\/uploads\/2019\/05\/51378241_2498955026800544_4372738905938591744_o-1.jpg 1275w, https:\/\/www.michelleonbell.com\/blog\/wp-content\/uploads\/2019\/05\/51378241_2498955026800544_4372738905938591744_o-1-300x200.jpg 300w, https:\/\/www.michelleonbell.com\/blog\/wp-content\/uploads\/2019\/05\/51378241_2498955026800544_4372738905938591744_o-1-1024x683.jpg 1024w, https:\/\/www.michelleonbell.com\/blog\/wp-content\/uploads\/2019\/05\/51378241_2498955026800544_4372738905938591744_o-1-768x512.jpg 768w, https:\/\/www.michelleonbell.com\/blog\/wp-content\/uploads\/2019\/05\/51378241_2498955026800544_4372738905938591744_o-1-370x247.jpg 370w, https:\/\/www.michelleonbell.com\/blog\/wp-content\/uploads\/2019\/05\/51378241_2498955026800544_4372738905938591744_o-1-760x507.jpg 760w, https:\/\/www.michelleonbell.com\/blog\/wp-content\/uploads\/2019\/05\/51378241_2498955026800544_4372738905938591744_o-1-600x400.jpg 600w\" sizes=\"(max-width: 650px) 100vw, 650px\" \/><figcaption id=\"caption-attachment-8323\" class=\"wp-caption-text\">Foto cortes\u00eda Morelia en Boca<\/figcaption><\/figure>\n<p>&nbsp;<\/p>\n<p><strong>Morelia en Boca<\/strong><\/p>\n<p>El festival internacional de gastronom\u00eda y vino de M\u00e9xico, Morelia en Boca festeja su 9\u00aa edici\u00f3n del 17 al 19 de mayo resaltando dos cocinas: la popular y la callejera. La sede es la hermosa Casa de la Cultura que por tres d\u00edas ser\u00e1 el punto de encuentro entre chefs, sommeliers, en\u00f3logos, maestros cerveceros entre muchos otros. El programa incluye conferencias, demostraciones, talleres y catas adem\u00e1s de que los asistentes pueden degustar diversos platillos que se realizan en el escenario. En esta edici\u00f3n se har\u00e1 un homenaje a la chef M\u00f3nica Pati\u00f1o destacada figura de la gastronom\u00eda mexicana y al en\u00f3logo Hugo D\u2019Acosta pilar del vino mexicano. Algunos de los chefs participantes m\u00e1s destacados son Enrique Olvera, Gabriela C\u00e1mara de Contramar, Jonathan G\u00f3mez Luna de Le Chique, Claudette Zepeda-Wilkins de El Jard\u00edn, en San Diego e Ignacio Mattos de Estela, en NY.<\/p>\n<p>M\u00e1s informaci\u00f3n y compra de boletos en <a href=\"http:\/\/festivalmoreliaenboca.com\">http:\/\/festivalmoreliaenboca.com<\/a><\/p>\n<p><strong>\u00a0<img loading=\"lazy\" class=\"aligncenter wp-image-8324 size-full\" src=\"https:\/\/www.michelleonbell.com\/blog\/wp-content\/uploads\/2019\/05\/bryce-shuman-y-alfonso-de-la-dehesa-1.jpg\" alt=\"\" width=\"550\" height=\"550\" srcset=\"https:\/\/www.michelleonbell.com\/blog\/wp-content\/uploads\/2019\/05\/bryce-shuman-y-alfonso-de-la-dehesa-1.jpg 550w, https:\/\/www.michelleonbell.com\/blog\/wp-content\/uploads\/2019\/05\/bryce-shuman-y-alfonso-de-la-dehesa-1-300x300.jpg 300w, https:\/\/www.michelleonbell.com\/blog\/wp-content\/uploads\/2019\/05\/bryce-shuman-y-alfonso-de-la-dehesa-1-150x150.jpg 150w, https:\/\/www.michelleonbell.com\/blog\/wp-content\/uploads\/2019\/05\/bryce-shuman-y-alfonso-de-la-dehesa-1-370x370.jpg 370w, https:\/\/www.michelleonbell.com\/blog\/wp-content\/uploads\/2019\/05\/bryce-shuman-y-alfonso-de-la-dehesa-1-135x135.jpg 135w, https:\/\/www.michelleonbell.com\/blog\/wp-content\/uploads\/2019\/05\/bryce-shuman-y-alfonso-de-la-dehesa-1-400x400.jpg 400w\" sizes=\"(max-width: 550px) 100vw, 550px\" \/><\/strong><\/p>\n<p>&nbsp;<\/p>\n<p><strong>A Taste of NY in Mayakoba <\/strong><strong>\u00a0<\/strong><\/p>\n<p>El fin de semana del 24 al 26 de Mayo, Wine &amp; Food Festival junto con Banyan Tree y Rosewood Mayakoba celebran <em>A Taste of New York at Mayakoba<\/em>. Se trata de una experiencia culinaria de alta cocina con dos chefs neoyorquinos que estar\u00e1n cocinando con los chefs ejecutivos de ambos hoteles de lujo. La noche del 24 la cena ser\u00e1 en Banyan Tree y los anfitriones ser\u00e1n el chef Alfonso de la Dehesa chef ejecutivo del hotel, junto con Bryce Shuman ex chef de cuisine del Eleven Madison Park y ex chef ejecutivo del Betony. El d\u00eda siguiente, el 25, la cena en Rosewood ser\u00e1 con el chef ejecutivo Juan Pablo Loza junto con el chef PJ Calapa, propietario del reconocido Scampi en Flatiron, Manhattan donde ofrecen sabores del sur de Italia. Ambas cenas incluyen un men\u00fa de cinco tiempos maridado con los mejores vinos y licores.<\/p>\n<p>M\u00e1s informaci\u00f3n y compra de boletos en <a href=\"https:\/\/wineandfoodfest.com\/\">https:\/\/wineandfoodfest.com\/<\/a><\/p>\n","protected":false},"excerpt":{"rendered":"<p>Empez&oacute; el mes de mayo con el D&iacute;a del Trabajo, despu&eacute;s los capitalinos regresamos a trabajar y a planear qu&eacute; hacer para el 10 de Mayo. A pesar de que&hellip;<\/p>\n","protected":false},"author":2,"featured_media":8482,"comment_status":"closed","ping_status":"closed","sticky":false,"template":"","format":"standard","meta":{"_exactmetrics_skip_tracking":false,"_exactmetrics_sitenote_active":false,"_exactmetrics_sitenote_note":"","_exactmetrics_sitenote_category":0},"categories":[87,84],"tags":[],"yoast_head":"<!-- This site is optimized with the Yoast SEO plugin v16.4 - https:\/\/yoast.com\/wordpress\/plugins\/seo\/ -->\n<title>5 Festivales Gastron\u00f3micos Durante Mayo, en M\u00e9xico - Michell on Bell<\/title>\n<meta name=\"robots\" content=\"index, follow, max-snippet:-1, max-image-preview:large, max-video-preview:-1\" \/>\n<link rel=\"canonical\" href=\"https:\/\/www.michelleonbell.com\/blog\/en\/5-festivales-gastronomicos-durante-mayo-en-mexico\/\" \/>\n<meta property=\"og:locale\" content=\"en_US\" \/>\n<meta property=\"og:type\" content=\"article\" \/>\n<meta property=\"og:title\" content=\"5 Festivales Gastron\u00f3micos Durante Mayo, en M\u00e9xico - Michell on Bell\" \/>\n<meta property=\"og:description\" content=\"Empez&oacute; el mes de mayo con el D&iacute;a del Trabajo, despu&eacute;s los capitalinos regresamos a trabajar y a planear qu&eacute; hacer para el 10 de Mayo. A pesar de que&hellip;\" \/>\n<meta property=\"og:url\" content=\"https:\/\/www.michelleonbell.com\/blog\/en\/5-festivales-gastronomicos-durante-mayo-en-mexico\/\" \/>\n<meta property=\"og:site_name\" content=\"Michell on Bell\" \/>\n<meta property=\"article:publisher\" content=\"https:\/\/www.facebook.com\/michelleonbell\/\" \/>\n<meta property=\"article:published_time\" content=\"2019-05-08T05:13:41+00:00\" \/>\n<meta property=\"article:modified_time\" content=\"2022-03-28T22:59:55+00:00\" \/>\n<meta property=\"og:image\" content=\"https:\/\/www.michelleonbell.com\/blog\/wp-content\/uploads\/2019\/05\/57363179_2089550511099954_3570819295745146880_o-1024x666-1.jpg\" \/>\n\t<meta property=\"og:image:width\" content=\"1024\" \/>\n\t<meta property=\"og:image:height\" content=\"666\" \/>\n<meta name=\"twitter:card\" content=\"summary_large_image\" \/>\n<meta name=\"twitter:creator\" content=\"@michelleonbell\" \/>\n<meta name=\"twitter:site\" content=\"@michelleonbell\" \/>\n<meta name=\"twitter:label1\" content=\"Est. reading time\" \/>\n\t<meta name=\"twitter:data1\" content=\"6 minutes\" \/>\n<script type=\"application\/ld+json\" class=\"yoast-schema-graph\">{\"@context\":\"https:\/\/schema.org\",\"@graph\":[{\"@type\":\"Organization\",\"@id\":\"https:\/\/www.michelleonbell.com\/blog\/#organization\",\"name\":\"Michelle Meyer\",\"url\":\"https:\/\/www.michelleonbell.com\/blog\/\",\"sameAs\":[\"https:\/\/www.facebook.com\/michelleonbell\/\",\"https:\/\/www.instagram.com\/michelleonbell\/\",\"https:\/\/twitter.com\/michelleonbell\"],\"logo\":{\"@type\":\"ImageObject\",\"@id\":\"https:\/\/www.michelleonbell.com\/blog\/#logo\",\"inLanguage\":\"en-US\",\"url\":\"https:\/\/www.michelleonbell.com\/blog\/wp-content\/uploads\/2021\/05\/logo-mob-cropped.png\",\"contentUrl\":\"https:\/\/www.michelleonbell.com\/blog\/wp-content\/uploads\/2021\/05\/logo-mob-cropped.png\",\"width\":200,\"height\":200,\"caption\":\"Michelle Meyer\"},\"image\":{\"@id\":\"https:\/\/www.michelleonbell.com\/blog\/#logo\"}},{\"@type\":\"WebSite\",\"@id\":\"https:\/\/www.michelleonbell.com\/blog\/#website\",\"url\":\"https:\/\/www.michelleonbell.com\/blog\/\",\"name\":\"Michell on Bell\",\"description\":\"PR Professional, Specialized in Hospitality &amp; Tourism, World Traveler, Foodie, Runner\",\"publisher\":{\"@id\":\"https:\/\/www.michelleonbell.com\/blog\/#organization\"},\"potentialAction\":[{\"@type\":\"SearchAction\",\"target\":\"https:\/\/www.michelleonbell.com\/blog\/?s={search_term_string}\",\"query-input\":\"required name=search_term_string\"}],\"inLanguage\":\"en-US\"},{\"@type\":\"ImageObject\",\"@id\":\"https:\/\/www.michelleonbell.com\/blog\/en\/5-festivales-gastronomicos-durante-mayo-en-mexico\/#primaryimage\",\"inLanguage\":\"en-US\",\"url\":\"https:\/\/www.michelleonbell.com\/blog\/wp-content\/uploads\/2019\/05\/57363179_2089550511099954_3570819295745146880_o-1024x666-1.jpg\",\"contentUrl\":\"https:\/\/www.michelleonbell.com\/blog\/wp-content\/uploads\/2019\/05\/57363179_2089550511099954_3570819295745146880_o-1024x666-1.jpg\",\"width\":1024,\"height\":666},{\"@type\":\"WebPage\",\"@id\":\"https:\/\/www.michelleonbell.com\/blog\/en\/5-festivales-gastronomicos-durante-mayo-en-mexico\/#webpage\",\"url\":\"https:\/\/www.michelleonbell.com\/blog\/en\/5-festivales-gastronomicos-durante-mayo-en-mexico\/\",\"name\":\"5 Festivales Gastron\\u00f3micos Durante Mayo, en M\\u00e9xico - Michell on Bell\",\"isPartOf\":{\"@id\":\"https:\/\/www.michelleonbell.com\/blog\/#website\"},\"primaryImageOfPage\":{\"@id\":\"https:\/\/www.michelleonbell.com\/blog\/en\/5-festivales-gastronomicos-durante-mayo-en-mexico\/#primaryimage\"},\"datePublished\":\"2019-05-08T05:13:41+00:00\",\"dateModified\":\"2022-03-28T22:59:55+00:00\",\"breadcrumb\":{\"@id\":\"https:\/\/www.michelleonbell.com\/blog\/en\/5-festivales-gastronomicos-durante-mayo-en-mexico\/#breadcrumb\"},\"inLanguage\":\"en-US\",\"potentialAction\":[{\"@type\":\"ReadAction\",\"target\":[\"https:\/\/www.michelleonbell.com\/blog\/en\/5-festivales-gastronomicos-durante-mayo-en-mexico\/\"]}]},{\"@type\":\"BreadcrumbList\",\"@id\":\"https:\/\/www.michelleonbell.com\/blog\/en\/5-festivales-gastronomicos-durante-mayo-en-mexico\/#breadcrumb\",\"itemListElement\":[{\"@type\":\"ListItem\",\"position\":1,\"item\":{\"@type\":\"WebPage\",\"@id\":\"https:\/\/www.michelleonbell.com\/blog\/en\/home-1\/\",\"url\":\"https:\/\/www.michelleonbell.com\/blog\/en\/home-1\/\",\"name\":\"Portada\"}},{\"@type\":\"ListItem\",\"position\":2,\"item\":{\"@id\":\"https:\/\/www.michelleonbell.com\/blog\/en\/5-festivales-gastronomicos-durante-mayo-en-mexico\/#webpage\"}}]},{\"@type\":\"Article\",\"@id\":\"https:\/\/www.michelleonbell.com\/blog\/en\/5-festivales-gastronomicos-durante-mayo-en-mexico\/#article\",\"isPartOf\":{\"@id\":\"https:\/\/www.michelleonbell.com\/blog\/en\/5-festivales-gastronomicos-durante-mayo-en-mexico\/#webpage\"},\"author\":{\"@id\":\"https:\/\/www.michelleonbell.com\/blog\/#\/schema\/person\/e5566a79bd9e9c37a191201dd380c14a\"},\"headline\":\"5 Festivales Gastron\\u00f3micos Durante Mayo, en M\\u00e9xico\",\"datePublished\":\"2019-05-08T05:13:41+00:00\",\"dateModified\":\"2022-03-28T22:59:55+00:00\",\"mainEntityOfPage\":{\"@id\":\"https:\/\/www.michelleonbell.com\/blog\/en\/5-festivales-gastronomicos-durante-mayo-en-mexico\/#webpage\"},\"wordCount\":917,\"publisher\":{\"@id\":\"https:\/\/www.michelleonbell.com\/blog\/#organization\"},\"image\":{\"@id\":\"https:\/\/www.michelleonbell.com\/blog\/en\/5-festivales-gastronomicos-durante-mayo-en-mexico\/#primaryimage\"},\"thumbnailUrl\":\"https:\/\/www.michelleonbell.com\/blog\/wp-content\/uploads\/2019\/05\/57363179_2089550511099954_3570819295745146880_o-1024x666-1.jpg\",\"articleSection\":[\"Mexico City\",\"Mexico city guides\"],\"inLanguage\":\"en-US\"},{\"@type\":\"Person\",\"@id\":\"https:\/\/www.michelleonbell.com\/blog\/#\/schema\/person\/e5566a79bd9e9c37a191201dd380c14a\",\"name\":\"Michelle Meyer\",\"image\":{\"@type\":\"ImageObject\",\"@id\":\"https:\/\/www.michelleonbell.com\/blog\/#personlogo\",\"inLanguage\":\"en-US\",\"url\":\"https:\/\/secure.gravatar.com\/avatar\/5bb15fe04b7ebab4877b86735ddc3eb0?s=96&d=mm&r=g\",\"contentUrl\":\"https:\/\/secure.gravatar.com\/avatar\/5bb15fe04b7ebab4877b86735ddc3eb0?s=96&d=mm&r=g\",\"caption\":\"Michelle Meyer\"},\"sameAs\":[\"awbxbe\"]}]}<\/script>\n<!-- \/ Yoast SEO plugin. -->","_links":{"self":[{"href":"https:\/\/www.michelleonbell.com\/blog\/en\/wp-json\/wp\/v2\/posts\/8481"}],"collection":[{"href":"https:\/\/www.michelleonbell.com\/blog\/en\/wp-json\/wp\/v2\/posts"}],"about":[{"href":"https:\/\/www.michelleonbell.com\/blog\/en\/wp-json\/wp\/v2\/types\/post"}],"author":[{"embeddable":true,"href":"https:\/\/www.michelleonbell.com\/blog\/en\/wp-json\/wp\/v2\/users\/2"}],"replies":[{"embeddable":true,"href":"https:\/\/www.michelleonbell.com\/blog\/en\/wp-json\/wp\/v2\/comments?post=8481"}],"version-history":[{"count":1,"href":"https:\/\/www.michelleonbell.com\/blog\/en\/wp-json\/wp\/v2\/posts\/8481\/revisions"}],"predecessor-version":[{"id":8484,"href":"https:\/\/www.michelleonbell.com\/blog\/en\/wp-json\/wp\/v2\/posts\/8481\/revisions\/8484"}],"wp:featuredmedia":[{"embeddable":true,"href":"https:\/\/www.michelleonbell.com\/blog\/en\/wp-json\/wp\/v2\/media\/8482"}],"wp:attachment":[{"href":"https:\/\/www.michelleonbell.com\/blog\/en\/wp-json\/wp\/v2\/media?parent=8481"}],"wp:term":[{"taxonomy":"category","embeddable":true,"href":"https:\/\/www.michelleonbell.com\/blog\/en\/wp-json\/wp\/v2\/categories?post=8481"},{"taxonomy":"post_tag","embeddable":true,"href":"https:\/\/www.michelleonbell.com\/blog\/en\/wp-json\/wp\/v2\/tags?post=8481"}],"curies":[{"name":"wp","href":"https:\/\/api.w.org\/{rel}","templated":true}]}}