{"id":4434,"date":"2016-09-15T13:19:01","date_gmt":"2016-09-15T18:19:01","guid":{"rendered":"http:\/\/34.209.167.220\/plesk-site-preview\/www.michelleonbell.com\/http\/172.26.3.134\/blog\/?p=4434"},"modified":"2022-03-17T16:40:17","modified_gmt":"2022-03-17T22:40:17","slug":"ricard-camarena-llega-a-mexico-con-canalla-bistro","status":"publish","type":"post","link":"https:\/\/www.michelleonbell.com\/blog\/ricard-camarena-llega-a-mexico-con-canalla-bistro\/","title":{"rendered":"Ricard Camarena llega a M\u00e9xico con Canalla Bistro"},"content":{"rendered":"<p>Un chef espa\u00f1ol, que ha logrado tres veces la estrella Michelin, abre su primer restaurante en la Ciudad de M\u00e9xico. Se trata de la expansi\u00f3n culinaria de Grupo Presidente, esta vez de la mano del reconocido chef valenciano Ricard Camarena, quienes en conjunto inauguran Canalla Bistro dentro del nuevo centro comercial Miyana. Para quienes se preguntan \u00bfd\u00f3nde es esto?, Miyana se encuentra a un costado de Plaza Antara.<\/p>\n<p>Chef Camarena nativo de Valencia, lugar d\u00f3nde curs\u00f3 sus estudios en turismo, salt\u00f3 a la fama despu\u00e9s de ser reconocido como \u00abMejor jefe de cocina\u201d por la Academia Valenciana de Gastronom\u00eda\u00a0 en el 2007, el mismo a\u00f1o su restaurante Arrop recibi\u00f3 una estrella Michelin. Tiempo despu\u00e9s, con mucha m\u00e1s experiencia gastron\u00f3mica, abri\u00f3 Ricard Camarena Restaurant que cuenta con una estrella Michelin y tres Soles Repsol (distinciones a los mejores restaurantes de Espa\u00f1a y Portugal). Adem\u00e1s de est\u00e9 restaurante, cuenta con otros tres proyectos tambi\u00e9n en Valencia. Cada uno de sus restaurantes se complementan entre s\u00ed.<\/p>\n<p>&nbsp;<\/p>\n<p><img loading=\"lazy\" class=\"aligncenter wp-image-4460\" src=\"https:\/\/www.michelleonbell.com\/blog\/wp-content\/uploads\/2016\/09\/Salon-Completo.jpg\" alt=\"salon-completo\" width=\"650\" height=\"433\" \/><\/p>\n<p>&nbsp;<\/p>\n<p>Ricard Camanera decide aventurarse al otro lado del Atl\u00e1ntico, y trae un concepto casual con mucha personalidad: Canalla Bistro. Cabe recalcar que est\u00e9 es el primero de varios restaurantes que desean abrir en la Ciudad de M\u00e9xico en los pr\u00f3ximos a\u00f1os, los cuales estar\u00e1n a cargo de C\u00e9sar Tovar, quien ha trabajado junto con el chef Camarena desde el 2009. Canalla Bistro invita a sus comensales a realizar un recorrido por el mundo a trav\u00e9s de distintos sabores: asi\u00e1ticos, sudamericanos, neoyorquinos y mediterr\u00e1neos; muchos de sus platillos fueron creados para compartir y son servidos de forma divertida y original.<\/p>\n<p>&nbsp;<\/p>\n<figure id=\"attachment_4461\" aria-describedby=\"caption-attachment-4461\" style=\"width: 550px\" class=\"wp-caption aligncenter\"><img loading=\"lazy\" class=\"wp-image-4461\" src=\"https:\/\/www.michelleonbell.com\/blog\/wp-content\/uploads\/2016\/09\/Mozzarella-.jpg\" alt=\"mozzarella\" width=\"550\" height=\"735\" \/><figcaption id=\"caption-attachment-4461\" class=\"wp-caption-text\">Mozzarella rellena de cangrejo<\/figcaption><\/figure>\n<p>&nbsp;<\/p>\n<p>El interiorismo del lugar me encanta, encontrar\u00e1s paredes cubiertas por l\u00e1minas de madera que contrastan con muros de piedra negra decorados con ilustraciones de lucha libre, hechos por el artista urbano mexicano Seher One. En el techo cuelgan modernas l\u00e1mparas cil\u00edndricas y los comensales podr\u00e1n admirar la cocina abierta al entrar al restaurante.<\/p>\n<p>&nbsp;<\/p>\n<figure id=\"attachment_4462\" aria-describedby=\"caption-attachment-4462\" style=\"width: 550px\" class=\"wp-caption aligncenter\"><img loading=\"lazy\" class=\"wp-image-4462\" src=\"https:\/\/www.michelleonbell.com\/blog\/wp-content\/uploads\/2016\/09\/Pato-Pekin.jpg\" alt=\"Sandwich nigiri de pato Pek\u00edn\" width=\"550\" height=\"687\" \/><figcaption id=\"caption-attachment-4462\" class=\"wp-caption-text\">Sandwich nigiri de pato Pek\u00edn<\/figcaption><\/figure>\n<p>&nbsp;<\/p>\n<figure id=\"attachment_4463\" aria-describedby=\"caption-attachment-4463\" style=\"width: 650px\" class=\"wp-caption aligncenter\"><img loading=\"lazy\" class=\"wp-image-4463\" src=\"https:\/\/www.michelleonbell.com\/blog\/wp-content\/uploads\/2016\/09\/Ensalada-Canalla-.jpg\" alt=\"Ensalada Rusa Canalla\" width=\"650\" height=\"431\" \/><figcaption id=\"caption-attachment-4463\" class=\"wp-caption-text\">Ensalada Rusa Canalla<\/figcaption><\/figure>\n<p>&nbsp;<\/p>\n<p>En cuanto al men\u00fa, hay una mezcla ecl\u00e9ctica ideal para compartir entre tu mesa. La primera secci\u00f3n es de bocadillos, mi favorito fue el sandwich nigiri de pato Pek\u00edn, crujiente y delicioso. De los platillos fr\u00edos no se pierdan la mozzarella rellena de cangrejo al pesto gratinada con mayonesa de lima, la ensalada rusa canalla, y el canel\u00f3n de bonito y aguacate. Si prefieres platillos calientes, pide la hamburguesa de short rib o la espectacular pizza okonomiyaki (pizza japonesa). Esta \u00faltima preparada con bonito, cubierta con hojuelas de este pescado, que por la alta temperatura, parece que se est\u00e1 moviendo en la pizza&#8230; \u00a1espectacular! Aunque el sandwich de pastrami suene tentador, no tuvo el mismo \u00e9xito que los dem\u00e1s platillos.<\/p>\n<p>&nbsp;<\/p>\n<figure id=\"attachment_4471\" aria-describedby=\"caption-attachment-4471\" style=\"width: 550px\" class=\"wp-caption aligncenter\"><img loading=\"lazy\" class=\"wp-image-4471\" src=\"https:\/\/www.michelleonbell.com\/blog\/wp-content\/uploads\/2016\/09\/Pizza.jpg\" alt=\"pizza\" width=\"550\" height=\"734\" \/><figcaption id=\"caption-attachment-4471\" class=\"wp-caption-text\">Pizza okonomiyaki<\/figcaption><\/figure>\n<p>&nbsp;<\/p>\n<p>Para finalizar, no te puedes ir sin probar los postres. Aunque todos son buen\u00edsimos, mis favoritos son: el corte de Ferrero Rocher, una oblea rellena de helado Ferrero Rocher deliciosa porque no es nada empalagosa, o el Oro parece\u2026Pl\u00e1tano es, que de primera vista parece un pl\u00e1tano sobre arena de cacao, pero en realidad \u00a1no lo es! La c\u00e1scara es un mousse de maracuy\u00e1 mientras que la fruta es un postre cremoso con vainilla; cuando llegue a la mesa entender\u00e1s porque es el postre m\u00e1s fotografiado del lugar.<\/p>\n<p><span id=\"fbPhotoSnowliftCaption\" class=\"fbPhotosPhotoCaption\" tabindex=\"0\" data-ft=\"{&quot;tn&quot;:&quot;K&quot;}\"><span class=\"hasCaption\">Canalla Bistro es ideal para gozar una buena comida o cena entre amigos, entre risas y buena pl\u00e1tica disfrutar\u00e1s la comida casual y divertida que ofrecen. Es una s\u00faper opci\u00f3n para visitar antes de salir por la zona de Polanco.<br \/>\n<\/span><\/span><\/p>\n<p><a href=\"http:\/\/www.canallabistromexico.com\/\">http:\/\/www.canallabistromexico.com\/<\/a><\/p>\n<p><iframe loading=\"lazy\" style=\"border: 0;\" src=\"https:\/\/www.google.com\/maps\/embed?pb=!1m14!1m8!1m3!1d15049.472587542201!2d-99.200519!3d19.439688!3m2!1i1024!2i768!4f13.1!3m3!1m2!1s0x0%3A0x6523c9daed586b68!2sMiyana%20Canalla%20Bristo!5e0!3m2!1ses-419!2smx!4v1647556783473!5m2!1ses-419!2smx\" width=\"600\" height=\"450\" allowfullscreen=\"allowfullscreen\"><\/iframe><\/p>\n","protected":false},"excerpt":{"rendered":"<p>Un chef espa&ntilde;ol, que ha logrado tres veces la estrella Michelin, abre su primer restaurante en la Ciudad de M&eacute;xico. Se trata de la expansi&oacute;n culinaria de Grupo Presidente, esta&hellip;<\/p>\n","protected":false},"author":2,"featured_media":4474,"comment_status":"open","ping_status":"open","sticky":false,"template":"","format":"standard","meta":{"_exactmetrics_skip_tracking":false,"_exactmetrics_sitenote_active":false,"_exactmetrics_sitenote_note":"","_exactmetrics_sitenote_category":0},"categories":[59,54,56],"tags":[1394,1395,1396,1397,716,1398,1399,1400,1401,1402,1403],"yoast_head":"<!-- This site is optimized with the Yoast SEO plugin v16.4 - https:\/\/yoast.com\/wordpress\/plugins\/seo\/ -->\n<title>Ricard Camarena llega a M\u00e9xico con Canalla Bistro - Michelle on Bell<\/title>\n<meta name=\"robots\" content=\"index, follow, max-snippet:-1, max-image-preview:large, max-video-preview:-1\" \/>\n<link rel=\"canonical\" href=\"https:\/\/www.michelleonbell.com\/blog\/ricard-camarena-llega-a-mexico-con-canalla-bistro\/\" \/>\n<meta property=\"og:locale\" content=\"es_ES\" \/>\n<meta property=\"og:type\" content=\"article\" \/>\n<meta property=\"og:title\" content=\"Ricard Camarena llega a M\u00e9xico con Canalla Bistro - Michelle on Bell\" \/>\n<meta property=\"og:description\" content=\"Un chef espa&ntilde;ol, que ha logrado tres veces la estrella Michelin, abre su primer restaurante en la Ciudad de M&eacute;xico. Se trata de la expansi&oacute;n culinaria de Grupo Presidente, esta&hellip;\" \/>\n<meta property=\"og:url\" content=\"https:\/\/www.michelleonbell.com\/blog\/ricard-camarena-llega-a-mexico-con-canalla-bistro\/\" \/>\n<meta property=\"og:site_name\" content=\"Michelle on Bell\" \/>\n<meta property=\"article:publisher\" content=\"https:\/\/www.facebook.com\/michelleonbell\/\" \/>\n<meta property=\"article:published_time\" content=\"2016-09-15T18:19:01+00:00\" \/>\n<meta property=\"article:modified_time\" content=\"2022-03-17T22:40:17+00:00\" \/>\n<meta property=\"og:image\" content=\"https:\/\/www.michelleonbell.com\/blog\/wp-content\/uploads\/2021\/05\/logo-mob-cropped.png\" \/>\n\t<meta property=\"og:image:width\" content=\"200\" \/>\n\t<meta property=\"og:image:height\" content=\"200\" \/>\n<meta name=\"twitter:card\" content=\"summary_large_image\" \/>\n<meta name=\"twitter:creator\" content=\"@michelleonbell\" \/>\n<meta name=\"twitter:site\" content=\"@michelleonbell\" \/>\n<meta name=\"twitter:label1\" content=\"Tiempo de lectura\" \/>\n\t<meta name=\"twitter:data1\" content=\"4 minutos\" \/>\n<script type=\"application\/ld+json\" class=\"yoast-schema-graph\">{\"@context\":\"https:\/\/schema.org\",\"@graph\":[{\"@type\":\"Organization\",\"@id\":\"https:\/\/www.michelleonbell.com\/blog\/#organization\",\"name\":\"Michelle Meyer\",\"url\":\"https:\/\/www.michelleonbell.com\/blog\/\",\"sameAs\":[\"https:\/\/www.facebook.com\/michelleonbell\/\",\"https:\/\/www.instagram.com\/michelleonbell\/\",\"https:\/\/twitter.com\/michelleonbell\"],\"logo\":{\"@type\":\"ImageObject\",\"@id\":\"https:\/\/www.michelleonbell.com\/blog\/#logo\",\"inLanguage\":\"es\",\"url\":\"https:\/\/www.michelleonbell.com\/blog\/wp-content\/uploads\/2021\/05\/logo-mob-cropped.png\",\"contentUrl\":\"https:\/\/www.michelleonbell.com\/blog\/wp-content\/uploads\/2021\/05\/logo-mob-cropped.png\",\"width\":200,\"height\":200,\"caption\":\"Michelle Meyer\"},\"image\":{\"@id\":\"https:\/\/www.michelleonbell.com\/blog\/#logo\"}},{\"@type\":\"WebSite\",\"@id\":\"https:\/\/www.michelleonbell.com\/blog\/#website\",\"url\":\"https:\/\/www.michelleonbell.com\/blog\/\",\"name\":\"Michelle on Bell\",\"description\":\"PR Professional, Specialized in Hospitality &amp; Tourism, World Traveler, Foodie, Runner\",\"publisher\":{\"@id\":\"https:\/\/www.michelleonbell.com\/blog\/#organization\"},\"potentialAction\":[{\"@type\":\"SearchAction\",\"target\":\"https:\/\/www.michelleonbell.com\/blog\/?s={search_term_string}\",\"query-input\":\"required name=search_term_string\"}],\"inLanguage\":\"es\"},{\"@type\":\"ImageObject\",\"@id\":\"https:\/\/www.michelleonbell.com\/blog\/ricard-camarena-llega-a-mexico-con-canalla-bistro\/#primaryimage\",\"inLanguage\":\"es\",\"url\":\"https:\/\/www.michelleonbell.com\/blog\/wp-content\/uploads\/2016\/09\/ORO-PARECE...-PLA_TANO-ES-1.jpg\",\"contentUrl\":\"https:\/\/www.michelleonbell.com\/blog\/wp-content\/uploads\/2016\/09\/ORO-PARECE...-PLA_TANO-ES-1.jpg\"},{\"@type\":\"WebPage\",\"@id\":\"https:\/\/www.michelleonbell.com\/blog\/ricard-camarena-llega-a-mexico-con-canalla-bistro\/#webpage\",\"url\":\"https:\/\/www.michelleonbell.com\/blog\/ricard-camarena-llega-a-mexico-con-canalla-bistro\/\",\"name\":\"Ricard Camarena llega a M\\u00e9xico con Canalla Bistro - Michelle on Bell\",\"isPartOf\":{\"@id\":\"https:\/\/www.michelleonbell.com\/blog\/#website\"},\"primaryImageOfPage\":{\"@id\":\"https:\/\/www.michelleonbell.com\/blog\/ricard-camarena-llega-a-mexico-con-canalla-bistro\/#primaryimage\"},\"datePublished\":\"2016-09-15T18:19:01+00:00\",\"dateModified\":\"2022-03-17T22:40:17+00:00\",\"breadcrumb\":{\"@id\":\"https:\/\/www.michelleonbell.com\/blog\/ricard-camarena-llega-a-mexico-con-canalla-bistro\/#breadcrumb\"},\"inLanguage\":\"es\",\"potentialAction\":[{\"@type\":\"ReadAction\",\"target\":[\"https:\/\/www.michelleonbell.com\/blog\/ricard-camarena-llega-a-mexico-con-canalla-bistro\/\"]}]},{\"@type\":\"BreadcrumbList\",\"@id\":\"https:\/\/www.michelleonbell.com\/blog\/ricard-camarena-llega-a-mexico-con-canalla-bistro\/#breadcrumb\",\"itemListElement\":[{\"@type\":\"ListItem\",\"position\":1,\"item\":{\"@type\":\"WebPage\",\"@id\":\"https:\/\/www.michelleonbell.com\/blog\/\",\"url\":\"https:\/\/www.michelleonbell.com\/blog\/\",\"name\":\"Portada\"}},{\"@type\":\"ListItem\",\"position\":2,\"item\":{\"@id\":\"https:\/\/www.michelleonbell.com\/blog\/ricard-camarena-llega-a-mexico-con-canalla-bistro\/#webpage\"}}]},{\"@type\":\"Article\",\"@id\":\"https:\/\/www.michelleonbell.com\/blog\/ricard-camarena-llega-a-mexico-con-canalla-bistro\/#article\",\"isPartOf\":{\"@id\":\"https:\/\/www.michelleonbell.com\/blog\/ricard-camarena-llega-a-mexico-con-canalla-bistro\/#webpage\"},\"author\":{\"@id\":\"https:\/\/www.michelleonbell.com\/blog\/#\/schema\/person\/e5566a79bd9e9c37a191201dd380c14a\"},\"headline\":\"Ricard Camarena llega a M\\u00e9xico con Canalla Bistro\",\"datePublished\":\"2016-09-15T18:19:01+00:00\",\"dateModified\":\"2022-03-17T22:40:17+00:00\",\"mainEntityOfPage\":{\"@id\":\"https:\/\/www.michelleonbell.com\/blog\/ricard-camarena-llega-a-mexico-con-canalla-bistro\/#webpage\"},\"wordCount\":671,\"commentCount\":0,\"publisher\":{\"@id\":\"https:\/\/www.michelleonbell.com\/blog\/#organization\"},\"image\":{\"@id\":\"https:\/\/www.michelleonbell.com\/blog\/ricard-camarena-llega-a-mexico-con-canalla-bistro\/#primaryimage\"},\"thumbnailUrl\":\"https:\/\/www.michelleonbell.com\/blog\/wp-content\/uploads\/2016\/09\/ORO-PARECE...-PLA_TANO-ES-1.jpg\",\"keywords\":[\"bloggeros de comida en la cdmx\",\"canalla bistro\",\"canalla bistro llega a la ciudad de m\\u00e9xico\",\"grupo presidente\",\"michelleonbell\",\"miyana\",\"nuevos restaurantes en la cdmx\",\"nuevos restaurantes en polanco\",\"que hacer en la cdmx\",\"restaurantes en polanco\",\"ricard camarena\"],\"articleSection\":[\"Ciudad de M\\u00e9xico\",\"Estoy buscando\",\"Una gran comida\"],\"inLanguage\":\"es\",\"potentialAction\":[{\"@type\":\"CommentAction\",\"name\":\"Comment\",\"target\":[\"https:\/\/www.michelleonbell.com\/blog\/ricard-camarena-llega-a-mexico-con-canalla-bistro\/#respond\"]}]},{\"@type\":\"Person\",\"@id\":\"https:\/\/www.michelleonbell.com\/blog\/#\/schema\/person\/e5566a79bd9e9c37a191201dd380c14a\",\"name\":\"Michelle Meyer\",\"image\":{\"@type\":\"ImageObject\",\"@id\":\"https:\/\/www.michelleonbell.com\/blog\/#personlogo\",\"inLanguage\":\"es\",\"url\":\"https:\/\/secure.gravatar.com\/avatar\/5bb15fe04b7ebab4877b86735ddc3eb0?s=96&d=mm&r=g\",\"contentUrl\":\"https:\/\/secure.gravatar.com\/avatar\/5bb15fe04b7ebab4877b86735ddc3eb0?s=96&d=mm&r=g\",\"caption\":\"Michelle Meyer\"},\"sameAs\":[\"awbxbe\"]}]}<\/script>\n<!-- \/ Yoast SEO plugin. -->","_links":{"self":[{"href":"https:\/\/www.michelleonbell.com\/blog\/wp-json\/wp\/v2\/posts\/4434"}],"collection":[{"href":"https:\/\/www.michelleonbell.com\/blog\/wp-json\/wp\/v2\/posts"}],"about":[{"href":"https:\/\/www.michelleonbell.com\/blog\/wp-json\/wp\/v2\/types\/post"}],"author":[{"embeddable":true,"href":"https:\/\/www.michelleonbell.com\/blog\/wp-json\/wp\/v2\/users\/2"}],"replies":[{"embeddable":true,"href":"https:\/\/www.michelleonbell.com\/blog\/wp-json\/wp\/v2\/comments?post=4434"}],"version-history":[{"count":2,"href":"https:\/\/www.michelleonbell.com\/blog\/wp-json\/wp\/v2\/posts\/4434\/revisions"}],"predecessor-version":[{"id":5158,"href":"https:\/\/www.michelleonbell.com\/blog\/wp-json\/wp\/v2\/posts\/4434\/revisions\/5158"}],"wp:featuredmedia":[{"embeddable":true,"href":"https:\/\/www.michelleonbell.com\/blog\/wp-json\/wp\/v2\/media\/4474"}],"wp:attachment":[{"href":"https:\/\/www.michelleonbell.com\/blog\/wp-json\/wp\/v2\/media?parent=4434"}],"wp:term":[{"taxonomy":"category","embeddable":true,"href":"https:\/\/www.michelleonbell.com\/blog\/wp-json\/wp\/v2\/categories?post=4434"},{"taxonomy":"post_tag","embeddable":true,"href":"https:\/\/www.michelleonbell.com\/blog\/wp-json\/wp\/v2\/tags?post=4434"}],"curies":[{"name":"wp","href":"https:\/\/api.w.org\/{rel}","templated":true}]}}