{"id":5312,"date":"2017-01-12T21:19:19","date_gmt":"2017-01-13T03:19:19","guid":{"rendered":"http:\/\/34.209.167.220\/plesk-site-preview\/www.michelleonbell.com\/http\/172.26.3.134\/blog\/?p=4947"},"modified":"2022-03-18T16:37:21","modified_gmt":"2022-03-18T22:37:21","slug":"johnny-iuzzini-crea-el-eclair-de-le-meridien-cdmx","status":"publish","type":"post","link":"https:\/\/www.michelleonbell.com\/blog\/johnny-iuzzini-crea-el-eclair-de-le-meridien-cdmx\/","title":{"rendered":"Johnny Iuzzini crea el eclair de Le Meridien CDMX"},"content":{"rendered":"<p>En 1972 la aerol\u00ednea francesa Air France cre\u00f3 la marca de hoteles Le M\u00e9ridien, con el prop\u00f3sito de que se convirtiera en una especie de \u00abhogar lejos de casa\u00bb para los viajeros de dicha compa\u00f1\u00eda a\u00e9rea. El nombre, desde un inicio hace referencia a la coordenadas geogr\u00e1ficas que atraviesan el globo terrestre, reafirmando el enfoque internacional de la marca.<br \/>\nCuarenta a\u00f1os despu\u00e9s de la apertura del primer hotel, el M\u00e9ridien Etoile localizado en Paris, Le Meridien se reposiciona y moderniza su identidad de marca. Todo esto bajo la batuta de Starwood, uno de los grupos hoteleros m\u00e1s grandes del mundo, qui\u00e9n logra que Le Meridien se vuelva una compa\u00f1\u00eda hoteler\u00e1 que ofrece experiencias distintas y \u00fanicas en cada uno de sus destinos.<\/p>\n<p>Como parte de estas experiencias, la marca busca transformar el tradicional \u00abeclair\u00bb franc\u00e9s en un postre m\u00e1s moderno e interesante, personalizando este bocadillo dulce acorde a cada uno de sus destinos alrededor del mundo. Es por ello que se uni\u00f3 con el reconocido chef pastelero Johnny Iuzzini para llevar a cabo esta importante tarea.<\/p>\n<p>&nbsp;<\/p>\n<p><img loading=\"lazy\" class=\"aligncenter wp-image-5067\" src=\"https:\/\/www.michelleonbell.com\/blog\/wp-content\/uploads\/2017\/01\/CD37666.jpg\" width=\"650\" height=\"433\" \/><\/p>\n<p>&nbsp;<\/p>\n<p>El chef estadounidense entr\u00f3 al mundo de la pasteler\u00eda desde los 17 a\u00f1os. Despu\u00e9s de graduarse del Culinary Institute of America en Nueva York, trabajo como Chef Pastelero con grandes personalidades entre ellos Daniel Boulud y Jean- Georges Vongeritchen. Tal es su talento, que en el 2006 la fundaci\u00f3n James Beard lo reconoci\u00f3 como el \u00abChef Pastelero del A\u00f1o\u00bb.<\/p>\n<p>Para este proyecto, el chef Iuzzini ha viajado a las propiedades m\u00e1s destacadas de la marca, buscando inspiraci\u00f3n. En cada viaje visita los mercados m\u00e1s ic\u00f3nicos donde investiga sobre los sabores, texturas e ingredientes locales con el fin de crear la receta perfecta para esa propiedad.<br \/>\n<time datetime=\"2016-12-15T17:54:58+00:00\"><\/time><\/p>\n<p><img loading=\"lazy\" class=\"aligncenter wp-image-5073\" src=\"https:\/\/www.michelleonbell.com\/blog\/wp-content\/uploads\/2017\/01\/IMG_8932-e1483989328250.jpg\" width=\"550\" height=\"733\" \/><\/p>\n<p>&nbsp;<\/p>\n<p>A lo largo de este proyecto, chef Iuzzini ha visitado nueve hoteles Le Meridien entre los que destacan China Town (NYC), Paris, Barcelona y Nueva Delhi. Para la receta de Paris por ejemplo los ingredientes que utiliz\u00f3 fueron chocolate blanco, glaseado de vainilla y conchas de frambuesa rosa mientras que para la de Nueva Delhi eligi\u00f3 especias para curry de la India, jengibre y mukhwas (una mezcla de semillas que ayudan para la digesti\u00f3n) para hacer el eclair.<\/p>\n<p>&nbsp;<\/p>\n<p><img loading=\"lazy\" class=\"aligncenter wp-image-5068\" src=\"https:\/\/www.michelleonbell.com\/blog\/wp-content\/uploads\/2017\/01\/IMG_8977.jpg\" width=\"550\" height=\"733\" \/><\/p>\n<p>&nbsp;<\/p>\n<p>Recientemente el chef Johnny Iuzzini estuvo en la Ciudad de M\u00e9xico, donde Michelleonbell fue invitada de forma exclusiva para acompa\u00f1arlo a la Central de Abastos para que se sumergiera en la gastronom\u00eda local y pueda desarrollar un \u00e9clair inspirado en la capital mexicana. De la mano de los reconocidos Chefs Sonia Arias y Jared Reardon del restaurante Jaso, acompa\u00f1amos\u00a0 a Johnny y recorrimos los inmensos pasillos de la Central de Abastos, considerado el mercado m\u00e1s grande del mundo, donde conocimos y probamos variedades de frutas y vegetales end\u00e9micos de este pa\u00eds.<\/p>\n<p>&nbsp;<\/p>\n<p><img loading=\"lazy\" class=\"aligncenter wp-image-5069\" src=\"https:\/\/www.michelleonbell.com\/blog\/wp-content\/uploads\/2017\/01\/CD27770.jpg\" width=\"650\" height=\"434\" \/><\/p>\n<p>&nbsp;<\/p>\n<p>Entre las multiples frutas, verduras y dem\u00e1s ingredientes que prob\u00f3, lo que m\u00e1s le interes\u00f3 fueron la enorme variedad de frutas que tenemos como la guayaba, tuna, guanabana, pl\u00e1tanos rojos, mamey, tamarindo y la ca\u00f1a de az\u00facar. Tambi\u00e9n le caus\u00f3 gran impresi\u00f3n la vainilla de Papantla y el piloncillo, nos coment\u00f3 que quer\u00eda usar endulzantes naturales para el eclair por lo que estaba pensando incluir dicho ingrediente y la ca\u00f1a de az\u00facar.<\/p>\n<p>&nbsp;<\/p>\n<p><img loading=\"lazy\" class=\"wp-image-5070 aligncenter\" src=\"https:\/\/www.michelleonbell.com\/blog\/wp-content\/uploads\/2017\/01\/IMG_0936.jpg\" width=\"550\" height=\"733\" \/><\/p>\n<p>&nbsp;<\/p>\n<p>Por otro lado, Johnny se enamor\u00f3 de los diversos tipos de mole en pasta y los chiles secos. Tanto as\u00ed que durante el recorrido nos dijo que estaba analizando de que manera iba meter este ingrediente en el eclair. \u00a1Yo nada m\u00e1s pensaba, como va meter mole en un postre!<\/p>\n<p>&nbsp;<\/p>\n<p><img loading=\"lazy\" class=\"aligncenter wp-image-5071\" src=\"https:\/\/www.michelleonbell.com\/blog\/wp-content\/uploads\/2017\/01\/IMG_8978.jpg\" width=\"550\" height=\"658\" \/><\/p>\n<p>&nbsp;<\/p>\n<p>Al final del recorrido, fuimos a la secci\u00f3n de flores y plantas dentro de la Central de Abastos. Entre los diversos puestos hay una se\u00f1ora que vende unas setas espectaculares y huitlacoche fresco, Johnny estaba maravillado con la apariencia y el sabor de estos hongos. Entre risas nos explic\u00f3 que le interesa lograr que este eclair, ic\u00f3nico de la Ciudad de M\u00e9xico, sea algo que sorprenda no nada m\u00e1s a los extranjeros sino tambien a los mexicanos. Es por ello que en su visita a las diferentes cuidades ha tomado ingredientes com\u00fanes de esa regi\u00f3n pero los ha introducido de diferentes maneras. Desde que vi\u00f3 el huitlacoche nos dij\u00f3 que le interesaba experimentar y caramelizarlo para ver como quedaba.<\/p>\n<p>Para cerrar con broche de oro el tour por el mercado, nos echamos unas quesadillas de tortilla azul con flor de calabaza. Mientras la se\u00f1ora las hacia enfrente de nosotros, todos en el grupo salivabamos \u00a1y no las saboreamos!<\/p>\n<p>&nbsp;<\/p>\n<p><img loading=\"lazy\" class=\"aligncenter wp-image-5072\" src=\"https:\/\/www.michelleonbell.com\/blog\/wp-content\/uploads\/2017\/01\/CD38514.jpg\" width=\"550\" height=\"825\" \/><\/p>\n<p>&nbsp;<\/p>\n<p>En los d\u00edas siguientes a su visita, Johnny estuvo haciendo pruebas y preparando su receta del \u00e9clair mexicano que el dia de hoy presenta al mundo. El Mexico City \u00c9clair est\u00e1 hecho con ingredientes t\u00edpicos de la regi\u00f3n como el mamey y vainilla de Veracruz para el relleno. Para la masa experimenta con el mole oaxaque\u00f1o, y para el glaseado usa tamarindo con lim\u00f3n. El toque final es la variedad de ingredientes que combina para el topping que incluye pl\u00e1tano rojo caramelizado, un toffee de cacahuate con mole oaxaque\u00f1o y huitlacoche caramelizado, dando como resultado una explosi\u00f3n de sabores mexicanos en esta delicia de postre.<\/p>\n<p>Los \u00e9clairs forman parte de los platillos insignia de la marca Le M\u00e9ridien, y esta versi\u00f3n en especifico estar\u00e1 disponible en el hotel, para que tanto los hu\u00e9spedes como las visitas se puedan deleitar y sorprender al probar dicho postre.<\/p>\n<p>Para m\u00e1s informaci\u00f3n sobre las recetas de los eclairs visiten: <a href=\"http:\/\/www.lemeridieneclair.com\/\">http:\/\/www.lemeridieneclair.com\/<\/a><\/p>\n","protected":false},"excerpt":{"rendered":"<p>En 1972 la aerol&iacute;nea francesa Air France cre&oacute; la marca de hoteles Le M&eacute;ridien, con el prop&oacute;sito de que se convirtiera en una especie de &laquo;hogar lejos de casa&raquo; para&hellip;<\/p>\n","protected":false},"author":2,"featured_media":5831,"comment_status":"open","ping_status":"open","sticky":false,"template":"","format":"standard","meta":{"_exactmetrics_skip_tracking":false,"_exactmetrics_sitenote_active":false,"_exactmetrics_sitenote_note":"","_exactmetrics_sitenote_category":0},"categories":[59,54,56],"tags":[],"yoast_head":"<!-- This site is optimized with the Yoast SEO plugin v16.4 - https:\/\/yoast.com\/wordpress\/plugins\/seo\/ -->\n<title>Johnny Iuzzini crea el eclair de Le Meridien CDMX - Michelle on Bell<\/title>\n<meta name=\"robots\" content=\"index, follow, max-snippet:-1, max-image-preview:large, max-video-preview:-1\" \/>\n<link rel=\"canonical\" href=\"https:\/\/www.michelleonbell.com\/blog\/johnny-iuzzini-crea-el-eclair-de-le-meridien-cdmx\/\" \/>\n<meta property=\"og:locale\" content=\"es_ES\" \/>\n<meta property=\"og:type\" content=\"article\" \/>\n<meta property=\"og:title\" content=\"Johnny Iuzzini crea el eclair de Le Meridien CDMX - Michelle on Bell\" \/>\n<meta property=\"og:description\" content=\"En 1972 la aerol&iacute;nea francesa Air France cre&oacute; la marca de hoteles Le M&eacute;ridien, con el prop&oacute;sito de que se convirtiera en una especie de &laquo;hogar lejos de casa&raquo; para&hellip;\" \/>\n<meta property=\"og:url\" content=\"https:\/\/www.michelleonbell.com\/blog\/johnny-iuzzini-crea-el-eclair-de-le-meridien-cdmx\/\" \/>\n<meta property=\"og:site_name\" content=\"Michelle on Bell\" \/>\n<meta property=\"article:publisher\" content=\"https:\/\/www.facebook.com\/michelleonbell\/\" \/>\n<meta property=\"article:published_time\" content=\"2017-01-13T03:19:19+00:00\" \/>\n<meta property=\"article:modified_time\" content=\"2022-03-18T22:37:21+00:00\" \/>\n<meta property=\"og:image\" content=\"https:\/\/www.michelleonbell.com\/blog\/wp-content\/uploads\/2017\/01\/CD27856-1024x683-1.jpg\" \/>\n\t<meta property=\"og:image:width\" content=\"1024\" \/>\n\t<meta property=\"og:image:height\" content=\"683\" \/>\n<meta name=\"twitter:card\" content=\"summary_large_image\" \/>\n<meta name=\"twitter:creator\" content=\"@michelleonbell\" \/>\n<meta name=\"twitter:site\" content=\"@michelleonbell\" \/>\n<meta name=\"twitter:label1\" content=\"Tiempo de lectura\" \/>\n\t<meta name=\"twitter:data1\" content=\"6 minutos\" \/>\n<script type=\"application\/ld+json\" class=\"yoast-schema-graph\">{\"@context\":\"https:\/\/schema.org\",\"@graph\":[{\"@type\":\"Organization\",\"@id\":\"https:\/\/www.michelleonbell.com\/blog\/#organization\",\"name\":\"Michelle Meyer\",\"url\":\"https:\/\/www.michelleonbell.com\/blog\/\",\"sameAs\":[\"https:\/\/www.facebook.com\/michelleonbell\/\",\"https:\/\/www.instagram.com\/michelleonbell\/\",\"https:\/\/twitter.com\/michelleonbell\"],\"logo\":{\"@type\":\"ImageObject\",\"@id\":\"https:\/\/www.michelleonbell.com\/blog\/#logo\",\"inLanguage\":\"es\",\"url\":\"https:\/\/www.michelleonbell.com\/blog\/wp-content\/uploads\/2021\/05\/logo-mob-cropped.png\",\"contentUrl\":\"https:\/\/www.michelleonbell.com\/blog\/wp-content\/uploads\/2021\/05\/logo-mob-cropped.png\",\"width\":200,\"height\":200,\"caption\":\"Michelle Meyer\"},\"image\":{\"@id\":\"https:\/\/www.michelleonbell.com\/blog\/#logo\"}},{\"@type\":\"WebSite\",\"@id\":\"https:\/\/www.michelleonbell.com\/blog\/#website\",\"url\":\"https:\/\/www.michelleonbell.com\/blog\/\",\"name\":\"Michelle on Bell\",\"description\":\"PR Professional, Specialized in Hospitality &amp; Tourism, World Traveler, Foodie, Runner\",\"publisher\":{\"@id\":\"https:\/\/www.michelleonbell.com\/blog\/#organization\"},\"potentialAction\":[{\"@type\":\"SearchAction\",\"target\":\"https:\/\/www.michelleonbell.com\/blog\/?s={search_term_string}\",\"query-input\":\"required name=search_term_string\"}],\"inLanguage\":\"es\"},{\"@type\":\"ImageObject\",\"@id\":\"https:\/\/www.michelleonbell.com\/blog\/johnny-iuzzini-crea-el-eclair-de-le-meridien-cdmx\/#primaryimage\",\"inLanguage\":\"es\",\"url\":\"https:\/\/www.michelleonbell.com\/blog\/wp-content\/uploads\/2017\/01\/CD27856-1024x683-1.jpg\",\"contentUrl\":\"https:\/\/www.michelleonbell.com\/blog\/wp-content\/uploads\/2017\/01\/CD27856-1024x683-1.jpg\",\"width\":1024,\"height\":683},{\"@type\":\"WebPage\",\"@id\":\"https:\/\/www.michelleonbell.com\/blog\/johnny-iuzzini-crea-el-eclair-de-le-meridien-cdmx\/#webpage\",\"url\":\"https:\/\/www.michelleonbell.com\/blog\/johnny-iuzzini-crea-el-eclair-de-le-meridien-cdmx\/\",\"name\":\"Johnny Iuzzini crea el eclair de Le Meridien CDMX - Michelle on Bell\",\"isPartOf\":{\"@id\":\"https:\/\/www.michelleonbell.com\/blog\/#website\"},\"primaryImageOfPage\":{\"@id\":\"https:\/\/www.michelleonbell.com\/blog\/johnny-iuzzini-crea-el-eclair-de-le-meridien-cdmx\/#primaryimage\"},\"datePublished\":\"2017-01-13T03:19:19+00:00\",\"dateModified\":\"2022-03-18T22:37:21+00:00\",\"breadcrumb\":{\"@id\":\"https:\/\/www.michelleonbell.com\/blog\/johnny-iuzzini-crea-el-eclair-de-le-meridien-cdmx\/#breadcrumb\"},\"inLanguage\":\"es\",\"potentialAction\":[{\"@type\":\"ReadAction\",\"target\":[\"https:\/\/www.michelleonbell.com\/blog\/johnny-iuzzini-crea-el-eclair-de-le-meridien-cdmx\/\"]}]},{\"@type\":\"BreadcrumbList\",\"@id\":\"https:\/\/www.michelleonbell.com\/blog\/johnny-iuzzini-crea-el-eclair-de-le-meridien-cdmx\/#breadcrumb\",\"itemListElement\":[{\"@type\":\"ListItem\",\"position\":1,\"item\":{\"@type\":\"WebPage\",\"@id\":\"https:\/\/www.michelleonbell.com\/blog\/\",\"url\":\"https:\/\/www.michelleonbell.com\/blog\/\",\"name\":\"Portada\"}},{\"@type\":\"ListItem\",\"position\":2,\"item\":{\"@id\":\"https:\/\/www.michelleonbell.com\/blog\/johnny-iuzzini-crea-el-eclair-de-le-meridien-cdmx\/#webpage\"}}]},{\"@type\":\"Article\",\"@id\":\"https:\/\/www.michelleonbell.com\/blog\/johnny-iuzzini-crea-el-eclair-de-le-meridien-cdmx\/#article\",\"isPartOf\":{\"@id\":\"https:\/\/www.michelleonbell.com\/blog\/johnny-iuzzini-crea-el-eclair-de-le-meridien-cdmx\/#webpage\"},\"author\":{\"@id\":\"https:\/\/www.michelleonbell.com\/blog\/#\/schema\/person\/e5566a79bd9e9c37a191201dd380c14a\"},\"headline\":\"Johnny Iuzzini crea el eclair de Le Meridien CDMX\",\"datePublished\":\"2017-01-13T03:19:19+00:00\",\"dateModified\":\"2022-03-18T22:37:21+00:00\",\"mainEntityOfPage\":{\"@id\":\"https:\/\/www.michelleonbell.com\/blog\/johnny-iuzzini-crea-el-eclair-de-le-meridien-cdmx\/#webpage\"},\"wordCount\":971,\"commentCount\":0,\"publisher\":{\"@id\":\"https:\/\/www.michelleonbell.com\/blog\/#organization\"},\"image\":{\"@id\":\"https:\/\/www.michelleonbell.com\/blog\/johnny-iuzzini-crea-el-eclair-de-le-meridien-cdmx\/#primaryimage\"},\"thumbnailUrl\":\"https:\/\/www.michelleonbell.com\/blog\/wp-content\/uploads\/2017\/01\/CD27856-1024x683-1.jpg\",\"articleSection\":[\"Ciudad de M\\u00e9xico\",\"Estoy buscando\",\"Una gran comida\"],\"inLanguage\":\"es\",\"potentialAction\":[{\"@type\":\"CommentAction\",\"name\":\"Comment\",\"target\":[\"https:\/\/www.michelleonbell.com\/blog\/johnny-iuzzini-crea-el-eclair-de-le-meridien-cdmx\/#respond\"]}]},{\"@type\":\"Person\",\"@id\":\"https:\/\/www.michelleonbell.com\/blog\/#\/schema\/person\/e5566a79bd9e9c37a191201dd380c14a\",\"name\":\"Michelle Meyer\",\"image\":{\"@type\":\"ImageObject\",\"@id\":\"https:\/\/www.michelleonbell.com\/blog\/#personlogo\",\"inLanguage\":\"es\",\"url\":\"https:\/\/secure.gravatar.com\/avatar\/5bb15fe04b7ebab4877b86735ddc3eb0?s=96&d=mm&r=g\",\"contentUrl\":\"https:\/\/secure.gravatar.com\/avatar\/5bb15fe04b7ebab4877b86735ddc3eb0?s=96&d=mm&r=g\",\"caption\":\"Michelle Meyer\"},\"sameAs\":[\"awbxbe\"]}]}<\/script>\n<!-- \/ Yoast SEO plugin. -->","_links":{"self":[{"href":"https:\/\/www.michelleonbell.com\/blog\/wp-json\/wp\/v2\/posts\/5312"}],"collection":[{"href":"https:\/\/www.michelleonbell.com\/blog\/wp-json\/wp\/v2\/posts"}],"about":[{"href":"https:\/\/www.michelleonbell.com\/blog\/wp-json\/wp\/v2\/types\/post"}],"author":[{"embeddable":true,"href":"https:\/\/www.michelleonbell.com\/blog\/wp-json\/wp\/v2\/users\/2"}],"replies":[{"embeddable":true,"href":"https:\/\/www.michelleonbell.com\/blog\/wp-json\/wp\/v2\/comments?post=5312"}],"version-history":[{"count":2,"href":"https:\/\/www.michelleonbell.com\/blog\/wp-json\/wp\/v2\/posts\/5312\/revisions"}],"predecessor-version":[{"id":5833,"href":"https:\/\/www.michelleonbell.com\/blog\/wp-json\/wp\/v2\/posts\/5312\/revisions\/5833"}],"wp:featuredmedia":[{"embeddable":true,"href":"https:\/\/www.michelleonbell.com\/blog\/wp-json\/wp\/v2\/media\/5831"}],"wp:attachment":[{"href":"https:\/\/www.michelleonbell.com\/blog\/wp-json\/wp\/v2\/media?parent=5312"}],"wp:term":[{"taxonomy":"category","embeddable":true,"href":"https:\/\/www.michelleonbell.com\/blog\/wp-json\/wp\/v2\/categories?post=5312"},{"taxonomy":"post_tag","embeddable":true,"href":"https:\/\/www.michelleonbell.com\/blog\/wp-json\/wp\/v2\/tags?post=5312"}],"curies":[{"name":"wp","href":"https:\/\/api.w.org\/{rel}","templated":true}]}}