{"id":6199,"date":"2017-07-05T22:36:39","date_gmt":"2017-07-06T03:36:39","guid":{"rendered":"http:\/\/34.209.167.220\/plesk-site-preview\/www.michelleonbell.com\/http\/172.26.3.134\/blog\/?p=6199"},"modified":"2022-03-22T14:19:44","modified_gmt":"2022-03-22T20:19:44","slug":"5-cosas-para-hacer-en-julio-en-la-ciudad-de-mexico-2","status":"publish","type":"post","link":"https:\/\/www.michelleonbell.com\/blog\/5-cosas-para-hacer-en-julio-en-la-ciudad-de-mexico-2\/","title":{"rendered":"5 Cosas Para Hacer en Julio en la Ciudad de M\u00e9xico"},"content":{"rendered":"<p>El verano va viento en popa en la Ciudad de M\u00e9xico, empezaron las lluvias \u00a1y comenzaron en serio! y en ciertas colonias se siente m\u00e1s vac\u00eda la ciudad ya que muchos capitalinos salieron de vacaciones o estar\u00e1n viajando en las pr\u00f3ximas semanas.<\/p>\n<p>Para aquellos que no podr\u00e1n disfrutar de un descanso, no sufran de <em>FOMO (fear of missing out) <\/em>viendo fotos de sus amigos por el mundo en redes sociales; aprovechen y divi\u00e9rtanse con las m\u00faltiples actividades y exposiciones que hay este mes en la ciudad. Les dejamos nuestras recomendaciones de qu\u00e9 hacer y d\u00f3nde comer en julio en la CDMX.<\/p>\n<p>&nbsp;<\/p>\n<p><img loading=\"lazy\" class=\"aligncenter wp-image-6369\" src=\"https:\/\/www.michelleonbell.com\/blog\/wp-content\/uploads\/2017\/07\/Pizza-aru\u0301gula-y-jamo\u0301n-serrano.jpg\" alt=\"\" width=\"550\" height=\"550\" \/><\/p>\n<p><img loading=\"lazy\" class=\"aligncenter wp-image-6370\" src=\"https:\/\/www.michelleonbell.com\/blog\/wp-content\/uploads\/2017\/07\/IMG_1828-1.jpg\" alt=\"\" width=\"650\" height=\"433\" \/><\/p>\n<p>&nbsp;<\/p>\n<p><strong>\u00abSabor a Lienzo\u00bb en Restaurante 38<\/strong><\/p>\n<p>Con el fin de que los comensales gocen de una experiencia \u00fanica, el restaurante 38 en la colonia Roma, cre\u00f3 el concepto \u00abSabor a Lienzo\u00bb donde mezcla gastronom\u00eda, arte y altruismo. De la mano de Cultura Colectiva (una plataforma que apoya el talento emergente) abre su espacio como plataforma de galer\u00eda para exposiciones de arte, apoyando con la venta de las obras a diversas fundaciones.<\/p>\n<p>Los comensales que visiten dicho establecimiento, podr\u00e1n disfrutar de platillos mediterr\u00e1neos\u00a0donde fusionan cocina espa\u00f1ola, francesa e italiana, mientras observan diversas obras de arte como fotograf\u00edas y grabados. Entre los platillos insignia del lugar, destacan la tortilla de patatas, las croquetas de jam\u00f3n serrano, los huevos rotos con jam\u00f3n serrano, la pizza de brie con pera y para cerrar con broche de oro, el fondue de chocolate. Si visitas el restaurante antes del 15 de agosto, podr\u00e1s ver los grabados con tinta del artista Manu B Le\u00f3n qui\u00e9n pinta mayormente piezas de autos y ferrocarriles.<\/p>\n<p>Cozumel 38,\u00a0\u00a0 Tel: 6840 2919<\/p>\n<p>&nbsp;<\/p>\n<p><img loading=\"lazy\" class=\"aligncenter wp-image-6377 size-full\" src=\"https:\/\/www.michelleonbell.com\/blog\/wp-content\/uploads\/2017\/07\/Taberna-Del-Leon-1.jpg\" alt=\"\" width=\"511\" height=\"770\" \/><\/p>\n<p>&nbsp;<\/p>\n<p><strong>Noches de Verano en Taberna del Le\u00f3n<\/strong><\/p>\n<p>El verano se caracteriza por su clima c\u00e1lido y sus noches frescas y lluviosas, las cuales nos invitan a reunirnos con amigos, salir a cenar y tomar una copa. En esta temporada disfrutamos de largas sobremesas en las que un coctel refrescante deber\u00eda ser siempre protagonista. Por ello la reconocida chef M\u00f3nica Pati\u00f1o presenta las noches de verano, de jueves a s\u00e1bado en la Taberna del Le\u00f3n en el sur de la ciudad. Estos d\u00edas los comensales se podr\u00e1n deleitar con un d\u00fao musical, mientras gozan de cocteler\u00eda cl\u00e1sica como un mojito o negroni, acompa\u00f1ados de los platillos de temporada como el ceviche de boquerones en su versi\u00f3n de pincho o con media cazuela de los deliciosos anillos de calamar con alcaparras, aceite de olivo y perejil. Adem\u00e1s, no se pueden perder los platillos insignia del restaurante que lleva m\u00e1s de 20 a\u00f1os, como: los pulpos con nopalitos en escabeche; las almejas espa\u00f1olas al vino blanco con esp\u00e1rragos trigueros o el pato al horno con salsa de mango al jengibre y arroz salvaje con verduritas.<\/p>\n<p>* Podr\u00e1n disfrutar de las noches de verano hasta el 22 de septiembre.<\/p>\n<p>Altamirano 46, Col. Tizap\u00e1n San \u00c1ngel\u00a0\u00a0\u00a0\u00a0\u00a0\u00a0 Tel: 55500989<\/p>\n<p>&nbsp;<\/p>\n<p>&nbsp;<\/p>\n<p><img loading=\"lazy\" class=\"aligncenter size-full wp-image-6374\" src=\"https:\/\/www.michelleonbell.com\/blog\/wp-content\/uploads\/2017\/07\/pin4-1.png\" alt=\"\" width=\"486\" height=\"364\" \/><\/p>\n<p>&nbsp;<\/p>\n<p><strong>Picasso &amp; Rivera<\/strong><\/p>\n<p>En el Museo del Palacio de Bellas Artes, los chilangos podemos visitar la exposici\u00f3n <em>Picasso y Rivera: Conversaciones a trav\u00e9s del tiempo. <\/em>Dicha muestra organizada en conjunto con Los Angeles County Museum of Art, presenta una serie in\u00e9dita de di\u00e1logos a trav\u00e9s de obras ic\u00f3nicas que estos dos artistas crearon durante la primera mitad del siglo XX. Ambos artistas nacieron en sociedades de profundas ra\u00edces hist\u00f3ricas y se formaron en una tradici\u00f3n acad\u00e9mica que asum\u00eda la superioridad de la cultura europea y el arte greco-latino sobre todas las dem\u00e1s sociedades. Sin embargo, en su proceso de consolidaci\u00f3n art\u00edstica lograron superar esta estrecha noci\u00f3n sobre el arte. Durante su breve pero importante amistad, hallaron en el cubismo un elemento de uni\u00f3n que manifestaron de 1914 a 1915, \u00e9poca en la cual cada uno desarroll\u00f3 una intensa conversaci\u00f3n art\u00edstica. Durante los a\u00f1os 20 y 30, ambos artistas vuelven su mirada hacia una nueva forma de representaci\u00f3n, que busca expresar la solidez que proviene de la tradici\u00f3n y la cultura: Picasso en Francia, movido por la crisis de postguerra se inspira en el antiguo arte mediterr\u00e1neo y Rivera en el M\u00e9xico postrevolucionario en el arte prehisp\u00e1nico. No se pierdan esta exposici\u00f3n \u00fanica que tenemos la fortuna de poder apreciar en la CDMX.<\/p>\n<p>* Podr\u00e1n visitar dicha exposici\u00f3n hasta el 10 de septiembre, los domingos la entrada es libre, sin embargo es el d\u00eda que m\u00e1s gente visita el museo. \u00a1Planeen con tiempo! Si ya por la zona les recomiendo visitar The Shops at Downtown<\/p>\n<p>Eje Central L\u00e1zaro C\u00e1rdenas esquina con Avenida Ju\u00e1rez\u00a0\u00a0\u00a0\u00a0\u00a0\u00a0 Tel: 55126654<\/p>\n<p>&nbsp;<\/p>\n<p><img loading=\"lazy\" class=\"aligncenter wp-image-6373\" src=\"https:\/\/www.michelleonbell.com\/blog\/wp-content\/uploads\/2017\/07\/Krug-1.jpg\" alt=\"\" width=\"650\" height=\"434\" \/><\/p>\n<p><img loading=\"lazy\" class=\"aligncenter wp-image-6378\" src=\"https:\/\/www.michelleonbell.com\/blog\/wp-content\/uploads\/2017\/07\/mini-hamburguesas-1.jpg\" alt=\"\" width=\"650\" height=\"974\" \/><\/p>\n<p>&nbsp;<\/p>\n<p><strong>Hidden Bubbles en La Table Krug<\/strong><\/p>\n<p>The St. Regis Mexico City, presenta por primera ocasi\u00f3n su propuesta de speakeasy, Hidden Bubbles, para celebrar el ingrediente que este a\u00f1o inspira a la Maison Krug: los hongos. Dicho proyecto estar\u00e1 \u00fanicamente durante el mes de julio y busca sorprender a los comensales con una nueva propuesta gastr\u00f3nomica y de mixolog\u00eda de autor. El men\u00fa incluye snacks como mini hamburguesas gourmand de foie gras y hongos silvestres o risotto de cremoso de bogavante\u00a0 elaborados por los chefs Oscar Portal y Olivier Deboise. Para quienes buscan una propuesta m\u00e1s completa pueden pedir el men\u00fa corrido que consta de<strong>: <\/strong>Coctel de Bienvenida, Copa de Krug Grande Cuv\u00e9e Brut, Foie Gras, Teja de Ma\u00edz, Chutney de Mango y Tartine de Hongos de Temporada, Lech\u00f3n, Papa, Pan de Campi\u00f1a, Crema con Hierbas Frescas, Lim\u00f3n y Hojas Frescas. Esta experiencia exclusiva se podr\u00e1 vivir de jueves a s\u00e1bado este mes. Nuestra recomendaci\u00f3n es visitarlo en jueves para gozar de cocteler\u00eda de autor dise\u00f1ada por algunos de los mix\u00f3logos m\u00e1s destacados en M\u00e9xico como Raquel Ramos y Julio Distefano, acompa\u00f1ada de m\u00fasica jazz en vivo.<\/p>\n<p>Para mayores informes y reservaciones escribe a\u00a0latable.krug@stregis.com<a href=\"mailto:latable.krug@stregis.com\">\u00a0<\/a>o llame al 52281867<\/p>\n<p>&nbsp;<\/p>\n<p>&nbsp;<\/p>\n<p><img loading=\"lazy\" class=\"aligncenter wp-image-6382\" src=\"https:\/\/www.michelleonbell.com\/blog\/wp-content\/uploads\/2017\/07\/Nespresso-1.jpg\" alt=\"\" width=\"550\" height=\"733\" \/><\/p>\n<p>&nbsp;<\/p>\n<p><strong>Nespresso On Ice<\/strong><\/p>\n<p>Para los amantes del caf\u00e9, este verano podr\u00e1n gozar un verano refrescante con el nuevo Nespresso On Ice. Dos nuevas c\u00e1psulas edici\u00f3n limitada, dise\u00f1adas especialmente para preparar un caf\u00e9 con hielo. Desde lo arom\u00e1tico y afrutado hasta lo intenso y tostado, <em>Intenso on Ice y Leggero on Ice <\/em>son las bebidas refrescante ideales para los meses de verano. Lo podr\u00e1s disfrutar desde la comodidad de tu casa u oficina, para que no te sientas <em>left out<\/em> de la diversi\u00f3n de la temporada o bien, ll\u00e9vatelas contigo en cualquiera que sea tu destino de vacaciones estas fechas.<\/p>\n<p>Dichas c\u00e1psulas estar\u00e1n disponibles por un tiempo limitado de forma exclusiva en las boutiques Nespresso y no las encontrar\u00e1s en ning\u00fan restaurante.<\/p>\n<p>Para preparar tu Nespresso helado, sigue estos tres pasos:<\/p>\n<ul>\n<li>A\u00f1ade tres cubos de hielo extra grandes a un vaso<\/li>\n<li>Vac\u00eda una porci\u00f3n de Espresso (40 ml) ya sea de <em>Intenso on Ice o Leggero on Ice<\/em><\/li>\n<li>Sirve finalmente 90 ml de agua fr\u00eda o espuma de leche fr\u00eda<\/li>\n<\/ul>\n","protected":false},"excerpt":{"rendered":"<p>El verano va viento en popa en la Ciudad de M&eacute;xico, empezaron las lluvias &iexcl;y comenzaron en serio! y en ciertas colonias se siente m&aacute;s vac&iacute;a la ciudad ya que&hellip;<\/p>\n","protected":false},"author":2,"featured_media":6827,"comment_status":"open","ping_status":"open","sticky":false,"template":"","format":"standard","meta":{"_exactmetrics_skip_tracking":false,"_exactmetrics_sitenote_active":false,"_exactmetrics_sitenote_note":"","_exactmetrics_sitenote_category":0},"categories":[62],"tags":[1771,1772,1366,1773,1774,1775,1776],"yoast_head":"<!-- This site is optimized with the Yoast SEO plugin v16.4 - https:\/\/yoast.com\/wordpress\/plugins\/seo\/ -->\n<title>5 Cosas Para Hacer en Julio en la Ciudad de M\u00e9xico - Michelle on Bell<\/title>\n<meta name=\"robots\" content=\"index, follow, max-snippet:-1, max-image-preview:large, max-video-preview:-1\" \/>\n<link rel=\"canonical\" href=\"https:\/\/www.michelleonbell.com\/blog\/5-cosas-para-hacer-en-julio-en-la-ciudad-de-mexico-2\/\" \/>\n<meta property=\"og:locale\" content=\"es_ES\" \/>\n<meta property=\"og:type\" content=\"article\" \/>\n<meta property=\"og:title\" content=\"5 Cosas Para Hacer en Julio en la Ciudad de M\u00e9xico - Michelle on Bell\" \/>\n<meta property=\"og:description\" content=\"El verano va viento en popa en la Ciudad de M&eacute;xico, empezaron las lluvias &iexcl;y comenzaron en serio! y en ciertas colonias se siente m&aacute;s vac&iacute;a la ciudad ya que&hellip;\" \/>\n<meta property=\"og:url\" content=\"https:\/\/www.michelleonbell.com\/blog\/5-cosas-para-hacer-en-julio-en-la-ciudad-de-mexico-2\/\" \/>\n<meta property=\"og:site_name\" content=\"Michelle on Bell\" \/>\n<meta property=\"article:publisher\" content=\"https:\/\/www.facebook.com\/michelleonbell\/\" \/>\n<meta property=\"article:published_time\" content=\"2017-07-06T03:36:39+00:00\" \/>\n<meta property=\"article:modified_time\" content=\"2022-03-22T20:19:44+00:00\" \/>\n<meta property=\"og:image\" content=\"https:\/\/www.michelleonbell.com\/blog\/wp-content\/uploads\/2017\/07\/Taberna-del-Leo\u0301n-1-scaled.jpg\" \/>\n\t<meta property=\"og:image:width\" content=\"2560\" \/>\n\t<meta property=\"og:image:height\" content=\"1709\" \/>\n<meta name=\"twitter:card\" content=\"summary_large_image\" \/>\n<meta name=\"twitter:creator\" content=\"@michelleonbell\" \/>\n<meta name=\"twitter:site\" content=\"@michelleonbell\" \/>\n<meta name=\"twitter:label1\" content=\"Tiempo de lectura\" \/>\n\t<meta name=\"twitter:data1\" content=\"7 minutos\" \/>\n<script type=\"application\/ld+json\" class=\"yoast-schema-graph\">{\"@context\":\"https:\/\/schema.org\",\"@graph\":[{\"@type\":\"Organization\",\"@id\":\"https:\/\/www.michelleonbell.com\/blog\/#organization\",\"name\":\"Michelle Meyer\",\"url\":\"https:\/\/www.michelleonbell.com\/blog\/\",\"sameAs\":[\"https:\/\/www.facebook.com\/michelleonbell\/\",\"https:\/\/www.instagram.com\/michelleonbell\/\",\"https:\/\/twitter.com\/michelleonbell\"],\"logo\":{\"@type\":\"ImageObject\",\"@id\":\"https:\/\/www.michelleonbell.com\/blog\/#logo\",\"inLanguage\":\"es\",\"url\":\"https:\/\/www.michelleonbell.com\/blog\/wp-content\/uploads\/2021\/05\/logo-mob-cropped.png\",\"contentUrl\":\"https:\/\/www.michelleonbell.com\/blog\/wp-content\/uploads\/2021\/05\/logo-mob-cropped.png\",\"width\":200,\"height\":200,\"caption\":\"Michelle Meyer\"},\"image\":{\"@id\":\"https:\/\/www.michelleonbell.com\/blog\/#logo\"}},{\"@type\":\"WebSite\",\"@id\":\"https:\/\/www.michelleonbell.com\/blog\/#website\",\"url\":\"https:\/\/www.michelleonbell.com\/blog\/\",\"name\":\"Michelle on Bell\",\"description\":\"PR Professional, Specialized in Hospitality &amp; Tourism, World Traveler, Foodie, Runner\",\"publisher\":{\"@id\":\"https:\/\/www.michelleonbell.com\/blog\/#organization\"},\"potentialAction\":[{\"@type\":\"SearchAction\",\"target\":\"https:\/\/www.michelleonbell.com\/blog\/?s={search_term_string}\",\"query-input\":\"required name=search_term_string\"}],\"inLanguage\":\"es\"},{\"@type\":\"ImageObject\",\"@id\":\"https:\/\/www.michelleonbell.com\/blog\/5-cosas-para-hacer-en-julio-en-la-ciudad-de-mexico-2\/#primaryimage\",\"inLanguage\":\"es\",\"url\":\"https:\/\/www.michelleonbell.com\/blog\/wp-content\/uploads\/2017\/07\/Taberna-del-Leo\\u0301n-1-scaled.jpg\",\"contentUrl\":\"https:\/\/www.michelleonbell.com\/blog\/wp-content\/uploads\/2017\/07\/Taberna-del-Leo\\u0301n-1-scaled.jpg\",\"width\":2560,\"height\":1709},{\"@type\":\"WebPage\",\"@id\":\"https:\/\/www.michelleonbell.com\/blog\/5-cosas-para-hacer-en-julio-en-la-ciudad-de-mexico-2\/#webpage\",\"url\":\"https:\/\/www.michelleonbell.com\/blog\/5-cosas-para-hacer-en-julio-en-la-ciudad-de-mexico-2\/\",\"name\":\"5 Cosas Para Hacer en Julio en la Ciudad de M\\u00e9xico - Michelle on Bell\",\"isPartOf\":{\"@id\":\"https:\/\/www.michelleonbell.com\/blog\/#website\"},\"primaryImageOfPage\":{\"@id\":\"https:\/\/www.michelleonbell.com\/blog\/5-cosas-para-hacer-en-julio-en-la-ciudad-de-mexico-2\/#primaryimage\"},\"datePublished\":\"2017-07-06T03:36:39+00:00\",\"dateModified\":\"2022-03-22T20:19:44+00:00\",\"breadcrumb\":{\"@id\":\"https:\/\/www.michelleonbell.com\/blog\/5-cosas-para-hacer-en-julio-en-la-ciudad-de-mexico-2\/#breadcrumb\"},\"inLanguage\":\"es\",\"potentialAction\":[{\"@type\":\"ReadAction\",\"target\":[\"https:\/\/www.michelleonbell.com\/blog\/5-cosas-para-hacer-en-julio-en-la-ciudad-de-mexico-2\/\"]}]},{\"@type\":\"BreadcrumbList\",\"@id\":\"https:\/\/www.michelleonbell.com\/blog\/5-cosas-para-hacer-en-julio-en-la-ciudad-de-mexico-2\/#breadcrumb\",\"itemListElement\":[{\"@type\":\"ListItem\",\"position\":1,\"item\":{\"@type\":\"WebPage\",\"@id\":\"https:\/\/www.michelleonbell.com\/blog\/\",\"url\":\"https:\/\/www.michelleonbell.com\/blog\/\",\"name\":\"Portada\"}},{\"@type\":\"ListItem\",\"position\":2,\"item\":{\"@id\":\"https:\/\/www.michelleonbell.com\/blog\/5-cosas-para-hacer-en-julio-en-la-ciudad-de-mexico-2\/#webpage\"}}]},{\"@type\":\"Article\",\"@id\":\"https:\/\/www.michelleonbell.com\/blog\/5-cosas-para-hacer-en-julio-en-la-ciudad-de-mexico-2\/#article\",\"isPartOf\":{\"@id\":\"https:\/\/www.michelleonbell.com\/blog\/5-cosas-para-hacer-en-julio-en-la-ciudad-de-mexico-2\/#webpage\"},\"author\":{\"@id\":\"https:\/\/www.michelleonbell.com\/blog\/#\/schema\/person\/e5566a79bd9e9c37a191201dd380c14a\"},\"headline\":\"5 Cosas Para Hacer en Julio en la Ciudad de M\\u00e9xico\",\"datePublished\":\"2017-07-06T03:36:39+00:00\",\"dateModified\":\"2022-03-22T20:19:44+00:00\",\"mainEntityOfPage\":{\"@id\":\"https:\/\/www.michelleonbell.com\/blog\/5-cosas-para-hacer-en-julio-en-la-ciudad-de-mexico-2\/#webpage\"},\"wordCount\":1220,\"commentCount\":1,\"publisher\":{\"@id\":\"https:\/\/www.michelleonbell.com\/blog\/#organization\"},\"image\":{\"@id\":\"https:\/\/www.michelleonbell.com\/blog\/5-cosas-para-hacer-en-julio-en-la-ciudad-de-mexico-2\/#primaryimage\"},\"thumbnailUrl\":\"https:\/\/www.michelleonbell.com\/blog\/wp-content\/uploads\/2017\/07\/Taberna-del-Leo\\u0301n-1-scaled.jpg\",\"keywords\":[\"chef monica pati\\u00f1o\",\"hidden bubbles st regis\",\"la taberna del leon\",\"nespresso on ice\",\"noches de verano la taberna del le\\u00f3n\",\"restaurante38\",\"rivera &amp; picasso\"],\"articleSection\":[\"Gu\\u00edas Ciudad de M\\u00e9xico\"],\"inLanguage\":\"es\",\"potentialAction\":[{\"@type\":\"CommentAction\",\"name\":\"Comment\",\"target\":[\"https:\/\/www.michelleonbell.com\/blog\/5-cosas-para-hacer-en-julio-en-la-ciudad-de-mexico-2\/#respond\"]}]},{\"@type\":\"Person\",\"@id\":\"https:\/\/www.michelleonbell.com\/blog\/#\/schema\/person\/e5566a79bd9e9c37a191201dd380c14a\",\"name\":\"Michelle Meyer\",\"image\":{\"@type\":\"ImageObject\",\"@id\":\"https:\/\/www.michelleonbell.com\/blog\/#personlogo\",\"inLanguage\":\"es\",\"url\":\"https:\/\/secure.gravatar.com\/avatar\/5bb15fe04b7ebab4877b86735ddc3eb0?s=96&d=mm&r=g\",\"contentUrl\":\"https:\/\/secure.gravatar.com\/avatar\/5bb15fe04b7ebab4877b86735ddc3eb0?s=96&d=mm&r=g\",\"caption\":\"Michelle Meyer\"},\"sameAs\":[\"awbxbe\"]}]}<\/script>\n<!-- \/ Yoast SEO plugin. -->","_links":{"self":[{"href":"https:\/\/www.michelleonbell.com\/blog\/wp-json\/wp\/v2\/posts\/6199"}],"collection":[{"href":"https:\/\/www.michelleonbell.com\/blog\/wp-json\/wp\/v2\/posts"}],"about":[{"href":"https:\/\/www.michelleonbell.com\/blog\/wp-json\/wp\/v2\/types\/post"}],"author":[{"embeddable":true,"href":"https:\/\/www.michelleonbell.com\/blog\/wp-json\/wp\/v2\/users\/2"}],"replies":[{"embeddable":true,"href":"https:\/\/www.michelleonbell.com\/blog\/wp-json\/wp\/v2\/comments?post=6199"}],"version-history":[{"count":2,"href":"https:\/\/www.michelleonbell.com\/blog\/wp-json\/wp\/v2\/posts\/6199\/revisions"}],"predecessor-version":[{"id":6876,"href":"https:\/\/www.michelleonbell.com\/blog\/wp-json\/wp\/v2\/posts\/6199\/revisions\/6876"}],"wp:featuredmedia":[{"embeddable":true,"href":"https:\/\/www.michelleonbell.com\/blog\/wp-json\/wp\/v2\/media\/6827"}],"wp:attachment":[{"href":"https:\/\/www.michelleonbell.com\/blog\/wp-json\/wp\/v2\/media?parent=6199"}],"wp:term":[{"taxonomy":"category","embeddable":true,"href":"https:\/\/www.michelleonbell.com\/blog\/wp-json\/wp\/v2\/categories?post=6199"},{"taxonomy":"post_tag","embeddable":true,"href":"https:\/\/www.michelleonbell.com\/blog\/wp-json\/wp\/v2\/tags?post=6199"}],"curies":[{"name":"wp","href":"https:\/\/api.w.org\/{rel}","templated":true}]}}