{"id":7050,"date":"2018-01-31T12:35:44","date_gmt":"2018-01-31T18:35:44","guid":{"rendered":"http:\/\/34.209.167.220\/plesk-site-preview\/www.michelleonbell.com\/http\/172.26.3.134\/blog\/?p=7050"},"modified":"2022-03-22T16:23:28","modified_gmt":"2022-03-22T22:23:28","slug":"6-exquisitas-opciones-de-tamales-para-el-dia-de-la-candelaria","status":"publish","type":"post","link":"https:\/\/www.michelleonbell.com\/blog\/6-exquisitas-opciones-de-tamales-para-el-dia-de-la-candelaria\/","title":{"rendered":"6 Exquisitas Opciones de Tamales Para el D\u00eda de la Candelar\u00eda"},"content":{"rendered":"<p>El 2 de febrero celebramos en M\u00e9xico el D\u00eda de la Candelaria, una mezcla de diferentes tradiciones. De la herencia religiosa de Espa\u00f1a, se dice que es un recuerdo al pasaje b\u00edblico de la presentaci\u00f3n del ni\u00f1o Jes\u00fas en el Templo de Jerusalem y la purificaci\u00f3n de la Virgen Mar\u00eda despu\u00e9s del parto.<\/p>\n<p>De nuestro pasado prehisp\u00e1nico, la tradici\u00f3n es que en muchos pueblos los habitantes llevan a la iglesia mazorcas para que sean bendecidas y puedan iniciar el ciclo agr\u00edcola, que comienza el 2 de febrero, el primer mes del antiguo calendario azteca, cuando se honraba a algunos dioses. Es por ello que la costumbre es que, quien se sac\u00f3 el ni\u00f1o en la Rosca de Reyes, haga una fiesta con tamales y atole. Ambos se realizan teniendo como base el ma\u00edz, un alimento de origen prehisp\u00e1nico, fundamental en la cocina mexicana.<\/p>\n<p>&nbsp;<\/p>\n<p><img loading=\"lazy\" class=\"aligncenter wp-image-5277\" src=\"https:\/\/www.michelleonbell.com\/blog\/wp-content\/uploads\/2017\/01\/16388211_1216869108350859_638981362245719286_n.jpeg\" alt=\"\" width=\"650\" height=\"433\" \/><\/p>\n<p>&nbsp;<\/p>\n<p>Si fuiste de los \u201cafortunados\u201d y te sacaste el mu\u00f1equito en la Rosca de Reyes, \u00a1no te agobies! en Michelleonbell nos dimos a la tarea de probar m\u00e1s de quince tamales tanto dulces como salados para ayudarte a tomar la decisi\u00f3n de cuales son los mejores tamales de la Ciudad de M\u00e9xico.<\/p>\n<p>Ya sea que los tienen que llevar a la oficina y quedar como un s\u00faper god\u00edn con tus compa\u00f1eros de trabajo, o como un gran anfitri\u00f3n con los amigos y la familia, cenando en casa o en un restaurante. Te dejamos seis riqu\u00edsimas opciones para que goces de unos buenos tamales este 2 de febrero.<\/p>\n<p>&nbsp;<\/p>\n<figure id=\"attachment_5268\" aria-describedby=\"caption-attachment-5268\" style=\"width: 650px\" class=\"wp-caption aligncenter\"><img loading=\"lazy\" class=\"wp-image-5268\" src=\"https:\/\/www.michelleonbell.com\/blog\/wp-content\/uploads\/2017\/01\/nosotros2-900x653.jpeg\" alt=\"\" width=\"650\" height=\"472\" \/><figcaption id=\"caption-attachment-5268\" class=\"wp-caption-text\">Foto cortes\u00eda Tamalli<\/figcaption><\/figure>\n<p>&nbsp;<\/p>\n<p><strong>Tamalli<\/strong><\/p>\n<p>En Tamalli, ofrecen una experiencia gastron\u00f3mica novedosa y nutritiva que cautiva los sentidos de los comensales con sabores delicados y tradicionales. En esta tienda para llevar, puedes encontrar los tamales tradicionales como el verde o el oaxaque\u00f1o, o bien an\u00edmate y prueba su oferta m\u00e1s gourmet con ingredientes \u00fanicos como el cuitlacoche, el chipil\u00edn Chiapas o el de zarzamora con ricotta. Si buscas una opci\u00f3n m\u00e1s saludable Tamalli te encantar\u00e1, ya que manejan una l\u00ednea healthy con tamales de nopal con queso, frijol con queso y vegano. Tambi\u00e9n venden atole de diversos sabores como blueberry, jamaica \u2013 manzana y mango light.<\/p>\n<p>Tamalli tienen sucursales en Condesa, Polanco, Cuauht\u00e9moc, Las \u00c1guilas, Plaza Loreto y Revoluci\u00f3n<\/p>\n<p>&nbsp;<\/p>\n<figure id=\"attachment_7060\" aria-describedby=\"caption-attachment-7060\" style=\"width: 650px\" class=\"wp-caption aligncenter\"><img loading=\"lazy\" class=\"wp-image-7060\" src=\"https:\/\/www.michelleonbell.com\/blog\/wp-content\/uploads\/2018\/01\/IMG_4663-2.jpg\" alt=\"\" width=\"650\" height=\"433\" \/><figcaption id=\"caption-attachment-7060\" class=\"wp-caption-text\">Tamal Salado Fonda Fina<\/figcaption><\/figure>\n<p>&nbsp;<\/p>\n<p><strong>Fonda Fina<\/strong><\/p>\n<p>Este a\u00f1o el chef Juan Cabrera de Fonda Fina estar\u00e1 ofreciendo dos versiones de tamales, el salado con hongos tatemados, salsa pasilla borracha, queso y crema de rancho \u00a1ligerito e ideal para quienes no comen carne! , o la versi\u00f3n dulce con uchepo (platillo t\u00edpico en Guerrero y Michoac\u00e1n que consiste en un tamal elaborado con ma\u00edz tierno molido) con espuma de mantequilla avellanada y caramelo.<\/p>\n<p>Ambas versiones estar\u00e1n disponibles durante el mes de febrero en el Fonda Fina.<\/p>\n<p>Medell\u00edn 79, Roma Norte\u00a0\u00a0\u00a0\u00a0\u00a0\u00a0\u00a0\u00a0\u00a0 Tel: 52083925<\/p>\n<p>&nbsp;<\/p>\n<p><img loading=\"lazy\" class=\"aligncenter wp-image-5273\" src=\"https:\/\/www.michelleonbell.com\/blog\/wp-content\/uploads\/2017\/01\/slider3.jpeg\" alt=\"\" width=\"650\" height=\"447\" \/><\/p>\n<p>&nbsp;<\/p>\n<p><strong>Los Tamales de la Roma<\/strong><\/p>\n<p>Los Tamales de la Roma fue fundado en el 2013 por la familia Romero. En este establecimiento la familia utiliza las recetas tradicionales que vienen desde la abuela usando ingredientes de la m\u00e1s alta calidad. Dicho restaurante ofrece tamales con combinaciones gourmet, con mezclas y sabores que normalmente no encontrar\u00e1s en otros lugares. Nuestros favoritos fueron el Ratatouille con verduras, el Roma con queso de cabra, aceitunas negras y pimiento. Para cerrar con broche de oro, el Piol\u00edn hecho con harina de arroz, crema pastelera, Carnation y pasitas.<\/p>\n<p>Jalapa 99 A,\u00a0 Roma Norte\u00a0\u00a0 Tel: 66509228<\/p>\n<p>&nbsp;<\/p>\n<figure id=\"attachment_7063\" aria-describedby=\"caption-attachment-7063\" style=\"width: 650px\" class=\"wp-caption aligncenter\"><img loading=\"lazy\" class=\"wp-image-7063\" src=\"https:\/\/www.michelleonbell.com\/blog\/wp-content\/uploads\/2018\/01\/Dulce-Lucas-Local-Tamal-de-cacahuate-y-mermelada-2.jpg\" alt=\"\" width=\"650\" height=\"433\" \/><figcaption id=\"caption-attachment-7063\" class=\"wp-caption-text\">Tamal dulce Lucas Local<\/figcaption><\/figure>\n<p><strong>\u00a0<\/strong><\/p>\n<p><strong>Lucas Local<\/strong><\/p>\n<p>Lucas Local, reconocido por sus platillos creativos como el famoso prensado de langosta, no se quedar\u00e1 atr\u00e1s en estas fechas y estar\u00e1 sirviendo sus versiones \u00fanicas de tamales. No se pierdan su tamal de birria y su versi\u00f3n dulce de crema de cacahuate con mermelada.<\/p>\n<p>Ambas versiones estar\u00e1n disponibles durante el mes de febrero en el Lucas Local.<\/p>\n<p>Colima 65, Roma Norte\u00a0\u00a0\u00a0\u00a0\u00a0 Tel: 68121073<\/p>\n<p>&nbsp;<\/p>\n<figure id=\"attachment_7064\" aria-describedby=\"caption-attachment-7064\" style=\"width: 650px\" class=\"wp-caption aligncenter\"><img loading=\"lazy\" class=\"wp-image-7064\" src=\"https:\/\/www.michelleonbell.com\/blog\/wp-content\/uploads\/2018\/01\/Salado-Lucas-Local-Tamal-de-birria-1.jpg\" alt=\"\" width=\"650\" height=\"433\" \/><figcaption id=\"caption-attachment-7064\" class=\"wp-caption-text\">Tamal de birria Lucas Local<\/figcaption><\/figure>\n<p>&nbsp;<\/p>\n<p><strong>Chapul\u00edn<\/strong><\/p>\n<p>El reconocido restaurante Chapul\u00edn dentro del hotel Presidente Intercontinental, mantiene la tradici\u00f3n del D\u00eda de la Candelaria ofreciendo riqu\u00edsimos tamales. Entre las creaciones de la chef Josefina L\u00f3pez que podr\u00e1s gozar est\u00e1n el tamal de estofado de bodas con lengua y el tamal de elote con queso de cabra y poleo para quienes prefieren algo dulce.<\/p>\n<p>Hotel Presidente Intercontinental Campos El\u00edseos 218, Polanco\u00a0\u00a0\u00a0 Tel: 5327 7700<\/p>\n<p>&nbsp;<\/p>\n<figure id=\"attachment_5265\" aria-describedby=\"caption-attachment-5265\" style=\"width: 480px\" class=\"wp-caption aligncenter\"><img loading=\"lazy\" class=\"wp-image-5265 size-full\" src=\"https:\/\/www.michelleonbell.com\/blog\/wp-content\/uploads\/2017\/01\/oaxaqueno-especial_large.jpeg\" alt=\"\" width=\"480\" height=\"320\" \/><figcaption id=\"caption-attachment-5265\" class=\"wp-caption-text\">Foto cortes\u00eda Tamales Emporio<\/figcaption><\/figure>\n<p>&nbsp;<\/p>\n<p><strong>Tamales Emporio<\/strong><\/p>\n<p>Fundada en 1960 por Don Lamberto Gonz\u00e1lez, quien con ayuda de su esposa Do\u00f1a Rosita, abri\u00f3 la empresa con el objetivo de que los capitalinos puedan gozar algunas de las delicias de la cocina regional mexicana. Tamales Emporio utiliza los m\u00e9todos y recetas tradicionales para cocinar sus productos. Aqu\u00ed puedes encontrar una gran variedad de opciones tanto saladas como dulces, algunos de los favoritos son el tamal oaxaque\u00f1o, de elote, de mole o el de guayaba y Nutella. Acompa\u00f1a el tamal con un atole de guayaba o de coco.<\/p>\n<p>Contreras # 18-A, San Rafael<strong>\u00a0\u00a0\u00a0\u00a0 <\/strong>Tel: 5546 2134<\/p>\n<p>Aparta tus tamales o visita estos restaurantes para que puedas disfrutar de ellos con amigos o familia este 2 de Febrero. \u00a1Tendr\u00e1s que dejar la dieta a un lado pero valen la pena las calor\u00edas de m\u00e1s!<\/p>\n","protected":false},"excerpt":{"rendered":"<p>El 2 de febrero celebramos en M&eacute;xico el D&iacute;a de la Candelaria, una mezcla de diferentes tradiciones. De la herencia religiosa de Espa&ntilde;a, se dice que es un recuerdo al&hellip;<\/p>\n","protected":false},"author":2,"featured_media":7062,"comment_status":"open","ping_status":"open","sticky":false,"template":"","format":"standard","meta":{"_exactmetrics_skip_tracking":false,"_exactmetrics_sitenote_active":false,"_exactmetrics_sitenote_note":"","_exactmetrics_sitenote_category":0},"categories":[59,54,56],"tags":[256,135,1585,1594,1586,259,1177,1921,260,257],"yoast_head":"<!-- This site is optimized with the Yoast SEO plugin v16.4 - https:\/\/yoast.com\/wordpress\/plugins\/seo\/ -->\n<title>6 Exquisitas Opciones de Tamales Para el D\u00eda de la Candelar\u00eda - Michelle on Bell<\/title>\n<meta name=\"robots\" content=\"index, follow, max-snippet:-1, max-image-preview:large, max-video-preview:-1\" \/>\n<link rel=\"canonical\" href=\"https:\/\/www.michelleonbell.com\/blog\/6-exquisitas-opciones-de-tamales-para-el-dia-de-la-candelaria\/\" \/>\n<meta property=\"og:locale\" content=\"es_ES\" \/>\n<meta property=\"og:type\" content=\"article\" \/>\n<meta property=\"og:title\" content=\"6 Exquisitas Opciones de Tamales Para el D\u00eda de la Candelar\u00eda - Michelle on Bell\" \/>\n<meta property=\"og:description\" content=\"El 2 de febrero celebramos en M&eacute;xico el D&iacute;a de la Candelaria, una mezcla de diferentes tradiciones. De la herencia religiosa de Espa&ntilde;a, se dice que es un recuerdo al&hellip;\" \/>\n<meta property=\"og:url\" content=\"https:\/\/www.michelleonbell.com\/blog\/6-exquisitas-opciones-de-tamales-para-el-dia-de-la-candelaria\/\" \/>\n<meta property=\"og:site_name\" content=\"Michelle on Bell\" \/>\n<meta property=\"article:publisher\" content=\"https:\/\/www.facebook.com\/michelleonbell\/\" \/>\n<meta property=\"article:published_time\" content=\"2018-01-31T18:35:44+00:00\" \/>\n<meta property=\"article:modified_time\" content=\"2022-03-22T22:23:28+00:00\" \/>\n<meta property=\"og:image\" content=\"https:\/\/www.michelleonbell.com\/blog\/wp-content\/uploads\/2018\/01\/Dulce-Chapulin-Tamal-de-elote-con-queso-de-cabra-3-1-scaled.jpg\" \/>\n\t<meta property=\"og:image:width\" content=\"2560\" \/>\n\t<meta property=\"og:image:height\" content=\"1707\" \/>\n<meta name=\"twitter:card\" content=\"summary_large_image\" \/>\n<meta name=\"twitter:creator\" content=\"@michelleonbell\" \/>\n<meta name=\"twitter:site\" content=\"@michelleonbell\" \/>\n<meta name=\"twitter:label1\" content=\"Tiempo de lectura\" \/>\n\t<meta name=\"twitter:data1\" content=\"6 minutos\" \/>\n<script type=\"application\/ld+json\" class=\"yoast-schema-graph\">{\"@context\":\"https:\/\/schema.org\",\"@graph\":[{\"@type\":\"Organization\",\"@id\":\"https:\/\/www.michelleonbell.com\/blog\/#organization\",\"name\":\"Michelle Meyer\",\"url\":\"https:\/\/www.michelleonbell.com\/blog\/\",\"sameAs\":[\"https:\/\/www.facebook.com\/michelleonbell\/\",\"https:\/\/www.instagram.com\/michelleonbell\/\",\"https:\/\/twitter.com\/michelleonbell\"],\"logo\":{\"@type\":\"ImageObject\",\"@id\":\"https:\/\/www.michelleonbell.com\/blog\/#logo\",\"inLanguage\":\"es\",\"url\":\"https:\/\/www.michelleonbell.com\/blog\/wp-content\/uploads\/2021\/05\/logo-mob-cropped.png\",\"contentUrl\":\"https:\/\/www.michelleonbell.com\/blog\/wp-content\/uploads\/2021\/05\/logo-mob-cropped.png\",\"width\":200,\"height\":200,\"caption\":\"Michelle Meyer\"},\"image\":{\"@id\":\"https:\/\/www.michelleonbell.com\/blog\/#logo\"}},{\"@type\":\"WebSite\",\"@id\":\"https:\/\/www.michelleonbell.com\/blog\/#website\",\"url\":\"https:\/\/www.michelleonbell.com\/blog\/\",\"name\":\"Michelle on Bell\",\"description\":\"PR Professional, Specialized in Hospitality &amp; Tourism, World Traveler, Foodie, Runner\",\"publisher\":{\"@id\":\"https:\/\/www.michelleonbell.com\/blog\/#organization\"},\"potentialAction\":[{\"@type\":\"SearchAction\",\"target\":\"https:\/\/www.michelleonbell.com\/blog\/?s={search_term_string}\",\"query-input\":\"required name=search_term_string\"}],\"inLanguage\":\"es\"},{\"@type\":\"ImageObject\",\"@id\":\"https:\/\/www.michelleonbell.com\/blog\/6-exquisitas-opciones-de-tamales-para-el-dia-de-la-candelaria\/#primaryimage\",\"inLanguage\":\"es\",\"url\":\"https:\/\/www.michelleonbell.com\/blog\/wp-content\/uploads\/2018\/01\/Dulce-Chapulin-Tamal-de-elote-con-queso-de-cabra-3-1-scaled.jpg\",\"contentUrl\":\"https:\/\/www.michelleonbell.com\/blog\/wp-content\/uploads\/2018\/01\/Dulce-Chapulin-Tamal-de-elote-con-queso-de-cabra-3-1-scaled.jpg\",\"width\":2560,\"height\":1707},{\"@type\":\"WebPage\",\"@id\":\"https:\/\/www.michelleonbell.com\/blog\/6-exquisitas-opciones-de-tamales-para-el-dia-de-la-candelaria\/#webpage\",\"url\":\"https:\/\/www.michelleonbell.com\/blog\/6-exquisitas-opciones-de-tamales-para-el-dia-de-la-candelaria\/\",\"name\":\"6 Exquisitas Opciones de Tamales Para el D\\u00eda de la Candelar\\u00eda - Michelle on Bell\",\"isPartOf\":{\"@id\":\"https:\/\/www.michelleonbell.com\/blog\/#website\"},\"primaryImageOfPage\":{\"@id\":\"https:\/\/www.michelleonbell.com\/blog\/6-exquisitas-opciones-de-tamales-para-el-dia-de-la-candelaria\/#primaryimage\"},\"datePublished\":\"2018-01-31T18:35:44+00:00\",\"dateModified\":\"2022-03-22T22:23:28+00:00\",\"breadcrumb\":{\"@id\":\"https:\/\/www.michelleonbell.com\/blog\/6-exquisitas-opciones-de-tamales-para-el-dia-de-la-candelaria\/#breadcrumb\"},\"inLanguage\":\"es\",\"potentialAction\":[{\"@type\":\"ReadAction\",\"target\":[\"https:\/\/www.michelleonbell.com\/blog\/6-exquisitas-opciones-de-tamales-para-el-dia-de-la-candelaria\/\"]}]},{\"@type\":\"BreadcrumbList\",\"@id\":\"https:\/\/www.michelleonbell.com\/blog\/6-exquisitas-opciones-de-tamales-para-el-dia-de-la-candelaria\/#breadcrumb\",\"itemListElement\":[{\"@type\":\"ListItem\",\"position\":1,\"item\":{\"@type\":\"WebPage\",\"@id\":\"https:\/\/www.michelleonbell.com\/blog\/\",\"url\":\"https:\/\/www.michelleonbell.com\/blog\/\",\"name\":\"Portada\"}},{\"@type\":\"ListItem\",\"position\":2,\"item\":{\"@id\":\"https:\/\/www.michelleonbell.com\/blog\/6-exquisitas-opciones-de-tamales-para-el-dia-de-la-candelaria\/#webpage\"}}]},{\"@type\":\"Article\",\"@id\":\"https:\/\/www.michelleonbell.com\/blog\/6-exquisitas-opciones-de-tamales-para-el-dia-de-la-candelaria\/#article\",\"isPartOf\":{\"@id\":\"https:\/\/www.michelleonbell.com\/blog\/6-exquisitas-opciones-de-tamales-para-el-dia-de-la-candelaria\/#webpage\"},\"author\":{\"@id\":\"https:\/\/www.michelleonbell.com\/blog\/#\/schema\/person\/e5566a79bd9e9c37a191201dd380c14a\"},\"headline\":\"6 Exquisitas Opciones de Tamales Para el D\\u00eda de la Candelar\\u00eda\",\"datePublished\":\"2018-01-31T18:35:44+00:00\",\"dateModified\":\"2022-03-22T22:23:28+00:00\",\"mainEntityOfPage\":{\"@id\":\"https:\/\/www.michelleonbell.com\/blog\/6-exquisitas-opciones-de-tamales-para-el-dia-de-la-candelaria\/#webpage\"},\"wordCount\":949,\"commentCount\":0,\"publisher\":{\"@id\":\"https:\/\/www.michelleonbell.com\/blog\/#organization\"},\"image\":{\"@id\":\"https:\/\/www.michelleonbell.com\/blog\/6-exquisitas-opciones-de-tamales-para-el-dia-de-la-candelaria\/#primaryimage\"},\"thumbnailUrl\":\"https:\/\/www.michelleonbell.com\/blog\/wp-content\/uploads\/2018\/01\/Dulce-Chapulin-Tamal-de-elote-con-queso-de-cabra-3-1-scaled.jpg\",\"keywords\":[\"2 de febrero\",\"chapulin\",\"d\\u00eda de la candelar\\u00eda\",\"fonda fina\",\"los mejores tamales en la cdmx\",\"Los tamales de la roma\",\"lucas local\",\"tamales cdmx\",\"tamales emporio\",\"tamalli\"],\"articleSection\":[\"Ciudad de M\\u00e9xico\",\"Estoy buscando\",\"Una gran comida\"],\"inLanguage\":\"es\",\"potentialAction\":[{\"@type\":\"CommentAction\",\"name\":\"Comment\",\"target\":[\"https:\/\/www.michelleonbell.com\/blog\/6-exquisitas-opciones-de-tamales-para-el-dia-de-la-candelaria\/#respond\"]}]},{\"@type\":\"Person\",\"@id\":\"https:\/\/www.michelleonbell.com\/blog\/#\/schema\/person\/e5566a79bd9e9c37a191201dd380c14a\",\"name\":\"Michelle Meyer\",\"image\":{\"@type\":\"ImageObject\",\"@id\":\"https:\/\/www.michelleonbell.com\/blog\/#personlogo\",\"inLanguage\":\"es\",\"url\":\"https:\/\/secure.gravatar.com\/avatar\/5bb15fe04b7ebab4877b86735ddc3eb0?s=96&d=mm&r=g\",\"contentUrl\":\"https:\/\/secure.gravatar.com\/avatar\/5bb15fe04b7ebab4877b86735ddc3eb0?s=96&d=mm&r=g\",\"caption\":\"Michelle Meyer\"},\"sameAs\":[\"awbxbe\"]}]}<\/script>\n<!-- \/ Yoast SEO plugin. -->","_links":{"self":[{"href":"https:\/\/www.michelleonbell.com\/blog\/wp-json\/wp\/v2\/posts\/7050"}],"collection":[{"href":"https:\/\/www.michelleonbell.com\/blog\/wp-json\/wp\/v2\/posts"}],"about":[{"href":"https:\/\/www.michelleonbell.com\/blog\/wp-json\/wp\/v2\/types\/post"}],"author":[{"embeddable":true,"href":"https:\/\/www.michelleonbell.com\/blog\/wp-json\/wp\/v2\/users\/2"}],"replies":[{"embeddable":true,"href":"https:\/\/www.michelleonbell.com\/blog\/wp-json\/wp\/v2\/comments?post=7050"}],"version-history":[{"count":2,"href":"https:\/\/www.michelleonbell.com\/blog\/wp-json\/wp\/v2\/posts\/7050\/revisions"}],"predecessor-version":[{"id":7202,"href":"https:\/\/www.michelleonbell.com\/blog\/wp-json\/wp\/v2\/posts\/7050\/revisions\/7202"}],"wp:featuredmedia":[{"embeddable":true,"href":"https:\/\/www.michelleonbell.com\/blog\/wp-json\/wp\/v2\/media\/7062"}],"wp:attachment":[{"href":"https:\/\/www.michelleonbell.com\/blog\/wp-json\/wp\/v2\/media?parent=7050"}],"wp:term":[{"taxonomy":"category","embeddable":true,"href":"https:\/\/www.michelleonbell.com\/blog\/wp-json\/wp\/v2\/categories?post=7050"},{"taxonomy":"post_tag","embeddable":true,"href":"https:\/\/www.michelleonbell.com\/blog\/wp-json\/wp\/v2\/tags?post=7050"}],"curies":[{"name":"wp","href":"https:\/\/api.w.org\/{rel}","templated":true}]}}