{"id":7165,"date":"2018-04-10T21:03:00","date_gmt":"2018-04-11T02:03:00","guid":{"rendered":"http:\/\/34.209.167.220\/plesk-site-preview\/www.michelleonbell.com\/http\/172.26.3.134\/blog\/?p=7165"},"modified":"2022-03-22T17:41:54","modified_gmt":"2022-03-22T23:41:54","slug":"noso-la-herencia-de-el-bulli-ahora-en-la-ciudad-de-mexico","status":"publish","type":"post","link":"https:\/\/www.michelleonbell.com\/blog\/noso-la-herencia-de-el-bulli-ahora-en-la-ciudad-de-mexico\/","title":{"rendered":"Noso: La herencia de El Bulli ahora en la Ciudad de M\u00e9xico"},"content":{"rendered":"<p>Cuando acudo a comer a un nuevo restaurante sobre Masaryk en Polanco, siempre tengo un poco de escepticismo, si estar\u00e1 bueno el restaurante \u00bfva ser muy caro? porque seamos honestos, muchos de los restaurantes sobre esta avenida no cubren las expectativas generadas y resultan exageradamente caros.<\/p>\n<p>Hace un par de semanas mi amigo Adolfo a quien hace mucho no ve\u00eda, me dijo que vayamos a probar Noso, un nuevo restaurante precisamente en Masaryk. Para convencerme me dijo, \u201cMichelleonbell conf\u00eda en mi, te va encantar\u201d. Como ten\u00eda muchas ganas de verlo me convenci\u00f3 f\u00e1cilmente.<\/p>\n<p>&nbsp;<\/p>\n<p><img loading=\"lazy\" class=\"aligncenter wp-image-7241\" src=\"https:\/\/www.michelleonbell.com\/blog\/wp-content\/uploads\/2018\/04\/Recepcio\u0301n.jpg\" alt=\"\" width=\"650\" height=\"429\" \/><\/p>\n<p>&nbsp;<\/p>\n<p>Noso esta situado en un tercer piso en la esquina de Masaryk con Eugenio Sue, en el mismo edificio donde se ubica el famoso Cipriani. En cuanto se abre el elevador te recibe una pared de piedra seguido por un pasillo iluminado, cubierto por marcos de madera. Podr\u00e1s observar la cocina antes de entrar al comedor principal, un espacio peque\u00f1o e \u00edntimo, sobrio con decoraci\u00f3n minimalista pero a la vez moderna.<\/p>\n<p>&nbsp;<\/p>\n<p><img loading=\"lazy\" class=\"aligncenter wp-image-7244\" src=\"https:\/\/www.michelleonbell.com\/blog\/wp-content\/uploads\/2018\/04\/sandra-y-miguel.png\" alt=\"\" width=\"650\" height=\"397\" \/><\/p>\n<p>&nbsp;<\/p>\n<p>Noso es una palabra gallega, que significa nuestro y simboliza la cocina de los chefs Sandra y Miguel, su esencia, alma y ra\u00edces. Todos los platos est\u00e1n inspirados en las memorias de los chefs, su infancia y el bagaje cultural que los une, M\u00e9xico y Espa\u00f1a. Este \u00faltimo siendo el lugar donde se conocieron mientras trabajaban en el famoso El Bulli, de Ferr\u00e1n Adri\u00e1, reconocido con tres estrellas Michelin y considerado como uno de los mejores restaurantes del mundo antes de su cierre en el 2011. Noso ofrece una gran experiencia gastron\u00f3mica donde puedes degustar una cocina tradicional espa\u00f1ola con toques contempor\u00e1neos.<\/p>\n<p>Nuestra mesa se localizaba al fondo cerca del ventanal, pod\u00edamos ver el ajetreo de la zona mientras el restaurante transmit\u00eda una paz y silencio que no encuentras muy seguido en Polanco.<\/p>\n<p>&nbsp;<\/p>\n<p><img loading=\"lazy\" class=\"aligncenter wp-image-7245\" src=\"https:\/\/www.michelleonbell.com\/blog\/wp-content\/uploads\/2018\/04\/Comedor-4.jpg\" alt=\"\" width=\"650\" height=\"434\" \/><\/p>\n<p>&nbsp;<\/p>\n<p>Despu\u00e9s de ordenar las bebidas el mesero lleg\u00f3 con una croqueta de jam\u00f3n serrano con esf\u00e9rico de aceituna, aparte de que la presentaci\u00f3n era radiante estaba todo exquisito. Luego nos trajeron el pan de la casa con m\u00e1s de 50 horas de fermentaci\u00f3n.<\/p>\n<p>Como entradas pedimos el crudo de huachinango con tomate, alcaparras y aceituna, un platillo fresco para un d\u00eda caluroso, y el royale de foie con gelatina de jerez con una salsa de zapote negro, higos, crujiente de parmesano y nuez. Una interesante combinaci\u00f3n de sabores ideal para abrir el apetito.<\/p>\n<p>&nbsp;<\/p>\n<p><img loading=\"lazy\" class=\"aligncenter wp-image-7246\" src=\"https:\/\/www.michelleonbell.com\/blog\/wp-content\/uploads\/2018\/04\/noso-cocina-de-autor-restaurante-con-un-matrimonio-de-chefs.jpg\" alt=\"\" width=\"650\" height=\"487\" \/><\/p>\n<p>&nbsp;<\/p>\n<p>De platillos fuertes, los insignia son el arroz meloso de acamaya (un crust\u00e1ceo entre el camar\u00f3n y la langosta de agua dulce) con manchego curado. Para los amantes de la carne, el short rib con endivias confitadas cocinado por m\u00e1s de 18 horas, basta con pasar el tenedor para cortar la suave carne que viene cubierta con una reducci\u00f3n de los mismos jugos de la carne \u00a1una delicia!<\/p>\n<p>&nbsp;<\/p>\n<p><img loading=\"lazy\" class=\"aligncenter wp-image-7247\" src=\"https:\/\/www.michelleonbell.com\/blog\/wp-content\/uploads\/2018\/04\/noso-cocina-de-autor-restaurante-con-un-matrimonio-de-chefs-04.jpg\" alt=\"\" width=\"650\" height=\"487\" \/><\/p>\n<p><img loading=\"lazy\" class=\"aligncenter wp-image-7249\" src=\"https:\/\/www.michelleonbell.com\/blog\/wp-content\/uploads\/2018\/04\/short-rib.jpg\" alt=\"\" width=\"650\" height=\"487\" \/><\/p>\n<p>&nbsp;<\/p>\n<p>Finalmente para el postre, nos recomendaron el plato de manzanilla, romero y miel. El mesero te prepara las palomitas de manzanilla con nitr\u00f3geno en la mesa, \u00a1todo un espect\u00e1culo! y las coloca encima del helado de miel y el toffee de romero. Sin duda alguna se nota el alto grado de complejidad y t\u00e9cnica que usan para la preparaci\u00f3n de los platillos.<\/p>\n<p>&nbsp;<\/p>\n<p><img loading=\"lazy\" class=\"aligncenter wp-image-7250\" src=\"https:\/\/www.michelleonbell.com\/blog\/wp-content\/uploads\/2018\/04\/noso-cocina-de-autor-restaurante-con-un-matrimonio-de-chefs-05.jpg\" alt=\"\" width=\"650\" height=\"487\" \/><\/p>\n<p>&nbsp;<\/p>\n<p>Noso es ideal para quienes buscan una alta experiencia gastron\u00f3mica. El perfecto lugar para celebrar algo especial o para impresionar a extranjeros que est\u00e1n de visita en la Ciudad de M\u00e9xico. \u00a1Deja deleitarte con los espectaculares platillos de los chefs Miguel y Sandra!<\/p>\n<p>En este restaurante encontrar\u00e1s una oferta gastron\u00f3mica excelente que sin ser econ\u00f3mica, ofrece valor y rebasa las expectativas para que los comensales salgan satisfechos y vuelvan.<\/p>\n<p><a href=\"https:\/\/www.noso.com.mx\/\" target=\"_blank\" rel=\"noopener\">https:\/\/www.noso.com.mx\/<\/a><\/p>\n","protected":false},"excerpt":{"rendered":"<p>Cuando acudo a comer a un nuevo restaurante sobre Masaryk en Polanco, siempre tengo un poco de escepticismo, si estar&aacute; bueno el restaurante &iquest;va ser muy caro? porque seamos honestos,&hellip;<\/p>\n","protected":false},"author":2,"featured_media":7240,"comment_status":"open","ping_status":"open","sticky":false,"template":"","format":"standard","meta":{"_exactmetrics_skip_tracking":false,"_exactmetrics_sitenote_active":false,"_exactmetrics_sitenote_note":"","_exactmetrics_sitenote_category":0},"categories":[59,54,56],"tags":[],"yoast_head":"<!-- This site is optimized with the Yoast SEO plugin v16.4 - https:\/\/yoast.com\/wordpress\/plugins\/seo\/ -->\n<title>Noso: La herencia de El Bulli ahora en la Ciudad de M\u00e9xico - Michelle on Bell<\/title>\n<meta name=\"robots\" content=\"index, follow, max-snippet:-1, max-image-preview:large, max-video-preview:-1\" \/>\n<link rel=\"canonical\" href=\"https:\/\/www.michelleonbell.com\/blog\/noso-la-herencia-de-el-bulli-ahora-en-la-ciudad-de-mexico\/\" \/>\n<meta property=\"og:locale\" content=\"es_ES\" \/>\n<meta property=\"og:type\" content=\"article\" \/>\n<meta property=\"og:title\" content=\"Noso: La herencia de El Bulli ahora en la Ciudad de M\u00e9xico - Michelle on Bell\" \/>\n<meta property=\"og:description\" content=\"Cuando acudo a comer a un nuevo restaurante sobre Masaryk en Polanco, siempre tengo un poco de escepticismo, si estar&aacute; bueno el restaurante &iquest;va ser muy caro? porque seamos honestos,&hellip;\" \/>\n<meta property=\"og:url\" content=\"https:\/\/www.michelleonbell.com\/blog\/noso-la-herencia-de-el-bulli-ahora-en-la-ciudad-de-mexico\/\" \/>\n<meta property=\"og:site_name\" content=\"Michelle on Bell\" \/>\n<meta property=\"article:publisher\" content=\"https:\/\/www.facebook.com\/michelleonbell\/\" \/>\n<meta property=\"article:published_time\" content=\"2018-04-11T02:03:00+00:00\" \/>\n<meta property=\"article:modified_time\" content=\"2022-03-22T23:41:54+00:00\" \/>\n<meta property=\"og:image\" content=\"https:\/\/www.michelleonbell.com\/blog\/wp-content\/uploads\/2018\/04\/Recepcio\u0301n-y-cocina-scaled.jpg\" \/>\n\t<meta property=\"og:image:width\" content=\"2560\" \/>\n\t<meta property=\"og:image:height\" content=\"1708\" \/>\n<meta name=\"twitter:card\" content=\"summary_large_image\" \/>\n<meta name=\"twitter:creator\" content=\"@michelleonbell\" \/>\n<meta name=\"twitter:site\" content=\"@michelleonbell\" \/>\n<meta name=\"twitter:label1\" content=\"Tiempo de lectura\" \/>\n\t<meta name=\"twitter:data1\" content=\"4 minutos\" \/>\n<script type=\"application\/ld+json\" class=\"yoast-schema-graph\">{\"@context\":\"https:\/\/schema.org\",\"@graph\":[{\"@type\":\"Organization\",\"@id\":\"https:\/\/www.michelleonbell.com\/blog\/#organization\",\"name\":\"Michelle Meyer\",\"url\":\"https:\/\/www.michelleonbell.com\/blog\/\",\"sameAs\":[\"https:\/\/www.facebook.com\/michelleonbell\/\",\"https:\/\/www.instagram.com\/michelleonbell\/\",\"https:\/\/twitter.com\/michelleonbell\"],\"logo\":{\"@type\":\"ImageObject\",\"@id\":\"https:\/\/www.michelleonbell.com\/blog\/#logo\",\"inLanguage\":\"es\",\"url\":\"https:\/\/www.michelleonbell.com\/blog\/wp-content\/uploads\/2021\/05\/logo-mob-cropped.png\",\"contentUrl\":\"https:\/\/www.michelleonbell.com\/blog\/wp-content\/uploads\/2021\/05\/logo-mob-cropped.png\",\"width\":200,\"height\":200,\"caption\":\"Michelle Meyer\"},\"image\":{\"@id\":\"https:\/\/www.michelleonbell.com\/blog\/#logo\"}},{\"@type\":\"WebSite\",\"@id\":\"https:\/\/www.michelleonbell.com\/blog\/#website\",\"url\":\"https:\/\/www.michelleonbell.com\/blog\/\",\"name\":\"Michelle on Bell\",\"description\":\"PR Professional, Specialized in Hospitality &amp; Tourism, World Traveler, Foodie, Runner\",\"publisher\":{\"@id\":\"https:\/\/www.michelleonbell.com\/blog\/#organization\"},\"potentialAction\":[{\"@type\":\"SearchAction\",\"target\":\"https:\/\/www.michelleonbell.com\/blog\/?s={search_term_string}\",\"query-input\":\"required name=search_term_string\"}],\"inLanguage\":\"es\"},{\"@type\":\"ImageObject\",\"@id\":\"https:\/\/www.michelleonbell.com\/blog\/noso-la-herencia-de-el-bulli-ahora-en-la-ciudad-de-mexico\/#primaryimage\",\"inLanguage\":\"es\",\"url\":\"https:\/\/www.michelleonbell.com\/blog\/wp-content\/uploads\/2018\/04\/Recepcio\\u0301n-y-cocina-scaled.jpg\",\"contentUrl\":\"https:\/\/www.michelleonbell.com\/blog\/wp-content\/uploads\/2018\/04\/Recepcio\\u0301n-y-cocina-scaled.jpg\",\"width\":2560,\"height\":1708},{\"@type\":\"WebPage\",\"@id\":\"https:\/\/www.michelleonbell.com\/blog\/noso-la-herencia-de-el-bulli-ahora-en-la-ciudad-de-mexico\/#webpage\",\"url\":\"https:\/\/www.michelleonbell.com\/blog\/noso-la-herencia-de-el-bulli-ahora-en-la-ciudad-de-mexico\/\",\"name\":\"Noso: La herencia de El Bulli ahora en la Ciudad de M\\u00e9xico - Michelle on Bell\",\"isPartOf\":{\"@id\":\"https:\/\/www.michelleonbell.com\/blog\/#website\"},\"primaryImageOfPage\":{\"@id\":\"https:\/\/www.michelleonbell.com\/blog\/noso-la-herencia-de-el-bulli-ahora-en-la-ciudad-de-mexico\/#primaryimage\"},\"datePublished\":\"2018-04-11T02:03:00+00:00\",\"dateModified\":\"2022-03-22T23:41:54+00:00\",\"breadcrumb\":{\"@id\":\"https:\/\/www.michelleonbell.com\/blog\/noso-la-herencia-de-el-bulli-ahora-en-la-ciudad-de-mexico\/#breadcrumb\"},\"inLanguage\":\"es\",\"potentialAction\":[{\"@type\":\"ReadAction\",\"target\":[\"https:\/\/www.michelleonbell.com\/blog\/noso-la-herencia-de-el-bulli-ahora-en-la-ciudad-de-mexico\/\"]}]},{\"@type\":\"BreadcrumbList\",\"@id\":\"https:\/\/www.michelleonbell.com\/blog\/noso-la-herencia-de-el-bulli-ahora-en-la-ciudad-de-mexico\/#breadcrumb\",\"itemListElement\":[{\"@type\":\"ListItem\",\"position\":1,\"item\":{\"@type\":\"WebPage\",\"@id\":\"https:\/\/www.michelleonbell.com\/blog\/\",\"url\":\"https:\/\/www.michelleonbell.com\/blog\/\",\"name\":\"Portada\"}},{\"@type\":\"ListItem\",\"position\":2,\"item\":{\"@id\":\"https:\/\/www.michelleonbell.com\/blog\/noso-la-herencia-de-el-bulli-ahora-en-la-ciudad-de-mexico\/#webpage\"}}]},{\"@type\":\"Article\",\"@id\":\"https:\/\/www.michelleonbell.com\/blog\/noso-la-herencia-de-el-bulli-ahora-en-la-ciudad-de-mexico\/#article\",\"isPartOf\":{\"@id\":\"https:\/\/www.michelleonbell.com\/blog\/noso-la-herencia-de-el-bulli-ahora-en-la-ciudad-de-mexico\/#webpage\"},\"author\":{\"@id\":\"https:\/\/www.michelleonbell.com\/blog\/#\/schema\/person\/e5566a79bd9e9c37a191201dd380c14a\"},\"headline\":\"Noso: La herencia de El Bulli ahora en la Ciudad de M\\u00e9xico\",\"datePublished\":\"2018-04-11T02:03:00+00:00\",\"dateModified\":\"2022-03-22T23:41:54+00:00\",\"mainEntityOfPage\":{\"@id\":\"https:\/\/www.michelleonbell.com\/blog\/noso-la-herencia-de-el-bulli-ahora-en-la-ciudad-de-mexico\/#webpage\"},\"wordCount\":655,\"commentCount\":0,\"publisher\":{\"@id\":\"https:\/\/www.michelleonbell.com\/blog\/#organization\"},\"image\":{\"@id\":\"https:\/\/www.michelleonbell.com\/blog\/noso-la-herencia-de-el-bulli-ahora-en-la-ciudad-de-mexico\/#primaryimage\"},\"thumbnailUrl\":\"https:\/\/www.michelleonbell.com\/blog\/wp-content\/uploads\/2018\/04\/Recepcio\\u0301n-y-cocina-scaled.jpg\",\"articleSection\":[\"Ciudad de M\\u00e9xico\",\"Estoy buscando\",\"Una gran comida\"],\"inLanguage\":\"es\",\"potentialAction\":[{\"@type\":\"CommentAction\",\"name\":\"Comment\",\"target\":[\"https:\/\/www.michelleonbell.com\/blog\/noso-la-herencia-de-el-bulli-ahora-en-la-ciudad-de-mexico\/#respond\"]}]},{\"@type\":\"Person\",\"@id\":\"https:\/\/www.michelleonbell.com\/blog\/#\/schema\/person\/e5566a79bd9e9c37a191201dd380c14a\",\"name\":\"Michelle Meyer\",\"image\":{\"@type\":\"ImageObject\",\"@id\":\"https:\/\/www.michelleonbell.com\/blog\/#personlogo\",\"inLanguage\":\"es\",\"url\":\"https:\/\/secure.gravatar.com\/avatar\/5bb15fe04b7ebab4877b86735ddc3eb0?s=96&d=mm&r=g\",\"contentUrl\":\"https:\/\/secure.gravatar.com\/avatar\/5bb15fe04b7ebab4877b86735ddc3eb0?s=96&d=mm&r=g\",\"caption\":\"Michelle Meyer\"},\"sameAs\":[\"awbxbe\"]}]}<\/script>\n<!-- \/ Yoast SEO plugin. -->","_links":{"self":[{"href":"https:\/\/www.michelleonbell.com\/blog\/wp-json\/wp\/v2\/posts\/7165"}],"collection":[{"href":"https:\/\/www.michelleonbell.com\/blog\/wp-json\/wp\/v2\/posts"}],"about":[{"href":"https:\/\/www.michelleonbell.com\/blog\/wp-json\/wp\/v2\/types\/post"}],"author":[{"embeddable":true,"href":"https:\/\/www.michelleonbell.com\/blog\/wp-json\/wp\/v2\/users\/2"}],"replies":[{"embeddable":true,"href":"https:\/\/www.michelleonbell.com\/blog\/wp-json\/wp\/v2\/comments?post=7165"}],"version-history":[{"count":2,"href":"https:\/\/www.michelleonbell.com\/blog\/wp-json\/wp\/v2\/posts\/7165\/revisions"}],"predecessor-version":[{"id":7527,"href":"https:\/\/www.michelleonbell.com\/blog\/wp-json\/wp\/v2\/posts\/7165\/revisions\/7527"}],"wp:featuredmedia":[{"embeddable":true,"href":"https:\/\/www.michelleonbell.com\/blog\/wp-json\/wp\/v2\/media\/7240"}],"wp:attachment":[{"href":"https:\/\/www.michelleonbell.com\/blog\/wp-json\/wp\/v2\/media?parent=7165"}],"wp:term":[{"taxonomy":"category","embeddable":true,"href":"https:\/\/www.michelleonbell.com\/blog\/wp-json\/wp\/v2\/categories?post=7165"},{"taxonomy":"post_tag","embeddable":true,"href":"https:\/\/www.michelleonbell.com\/blog\/wp-json\/wp\/v2\/tags?post=7165"}],"curies":[{"name":"wp","href":"https:\/\/api.w.org\/{rel}","templated":true}]}}