{"id":7416,"date":"2018-06-05T18:13:00","date_gmt":"2018-06-05T23:13:00","guid":{"rendered":"http:\/\/34.209.167.220\/plesk-site-preview\/www.michelleonbell.com\/http\/172.26.3.134\/blog\/?p=7416"},"modified":"2022-03-22T17:06:04","modified_gmt":"2022-03-22T23:06:04","slug":"5-cosas-para-hacer-en-junio-en-la-ciudad-de-mexico-2-2","status":"publish","type":"post","link":"https:\/\/www.michelleonbell.com\/blog\/5-cosas-para-hacer-en-junio-en-la-ciudad-de-mexico-2-2\/","title":{"rendered":"5 Cosas Para Hacer en Junio en la Ciudad de M\u00e9xico"},"content":{"rendered":"<p>Comenz\u00f3 junio y los chilangos nos estamos derritiendo en la capital. \u00bfPueden creer que la semana pasada rompimos record de temperatura en la CDMX? En fin, habr\u00e1 que pensar un poco m\u00e1s en el tema de <em>global warming<\/em> y c\u00f3mo podemos como ciudadanos del mundo poner nuestro granito de arena. Por otro lado, estamos a punto de concluir el primer semestre del a\u00f1o\u2026 \u00bfqu\u00e9 r\u00e1pido paso el tiempo no?<\/p>\n<p>Para aquellos que buscan distraerse del tenso ambiente pol\u00edtico en el que vivimos, buscan una actividad diferente para este D\u00eda del Padre o simplemente quieren salir de la rutina, les dejamos nuestras recomendaciones de qu\u00e9 hacer y d\u00f3nde comer en junio en la Ciudad de M\u00e9xico.<\/p>\n<p>&nbsp;<\/p>\n<figure id=\"attachment_7429\" aria-describedby=\"caption-attachment-7429\" style=\"width: 650px\" class=\"wp-caption aligncenter\"><img loading=\"lazy\" class=\"wp-image-7429\" src=\"https:\/\/www.michelleonbell.com\/blog\/wp-content\/uploads\/2018\/06\/Untitled.jpg\" alt=\"\" width=\"650\" height=\"431\" \/><figcaption id=\"caption-attachment-7429\" class=\"wp-caption-text\">Chamorro de cordero asado con manzanas<\/figcaption><\/figure>\n<p>&nbsp;<\/p>\n<figure id=\"attachment_7428\" aria-describedby=\"caption-attachment-7428\" style=\"width: 650px\" class=\"wp-caption aligncenter\"><img loading=\"lazy\" class=\"wp-image-7428\" src=\"https:\/\/www.michelleonbell.com\/blog\/wp-content\/uploads\/2018\/06\/Torrijas-con-helado-de-vainilla.jpg\" alt=\"\" width=\"650\" height=\"409\" \/><figcaption id=\"caption-attachment-7428\" class=\"wp-caption-text\">Torrijas con helado de vainilla<\/figcaption><\/figure>\n<p>&nbsp;<\/p>\n<p><strong>Festival Gastron\u00f3mico de Castilla y Le\u00f3n <\/strong><\/p>\n<p>Durante el mes de junio se llevar\u00e1 a cabo en la capital, el festival gastron\u00f3mico de Castilla y Le\u00f3n. El prop\u00f3sito de dicho festival es impulsar la cocina de dicha regi\u00f3n de Espa\u00f1a que se destaca por sus guisos y asados, los vinos de gran calidad,los embutidos y los quesos. Para ello, m\u00e1s de 25 restaurantes alrededor de la CDMX estar\u00e1n ofreciendo un men\u00fa maridaje con platos t\u00edpicos de Castilla y Le\u00f3n con una selecci\u00f3n de vinos de la regi\u00f3n.<\/p>\n<p>Algunos de los restaurantes que destacan por sus deliciosos platillos son; Noso, que ofrecer\u00e1 cochinillo segoviano y postre de torrija, Emilio que servir\u00e1 queso castellano curado, chamorro de cordero asado con manzanas y torrijas con helado de vainilla o bien El Puntal del Norte que ofrecer\u00e1 cecina al estilo de Le\u00f3n, sopa de ajo Castellana, lech\u00f3n y peras al vino con su torrija. Si te consideras fan de la comida espa\u00f1ola, no te podr\u00e1s perder este festival.<\/p>\n<p>&nbsp;<\/p>\n<p><img loading=\"lazy\" class=\"aligncenter wp-image-7418\" src=\"https:\/\/www.michelleonbell.com\/blog\/wp-content\/uploads\/2018\/06\/jitney-negroni-leo-robitscek-1024x768.jpg\" alt=\"\" width=\"650\" height=\"488\" \/><\/p>\n<p>&nbsp;<\/p>\n<p><strong>Negroni Week<\/strong><\/p>\n<p>Negroni Week es una iniciativa a nivel mundial para celebrar uno de los mejores tragos italianos, el negroni hecho con ginebra, vermouth y campari, decorado con una rodaja de naranja, al mismo tiempo, recaudar fondos para diversas obras de caridad. Este proyecto comenz\u00f3 en el 2013 con 120 lugares participantes y hoy en d\u00eda cuenta con m\u00e1s de 7,000 restaurantes y bares participantes alrededor del mundo quienes juntos han recaudado m\u00e1s de 1.5 millones de d\u00f3lares para donar a fines caritativos.<\/p>\n<p>Del 4 al 10 de junio los capitalinos podr\u00e1n sumarse a este gran movimiento visitando los establecimientos participantes como Parker &amp; Lenox, Meroma, Xaman, Broka Bistrot, La Docena, Loggia, Jules Basement, Farina y Cinemex entre otros. \u00a1Goza de un buen negroni, ideal para este calor!<\/p>\n<p>Para m\u00e1s informaci\u00f3n vista <a href=\"https:\/\/www.negroniweek.com\/\" target=\"_blank\" rel=\"noopener\">www.negroniweek.com<\/a><\/p>\n<p>&nbsp;<\/p>\n<p><img loading=\"lazy\" class=\"aligncenter wp-image-7424\" src=\"https:\/\/www.michelleonbell.com\/blog\/wp-content\/uploads\/2018\/06\/IMG_4462.jpg\" alt=\"\" width=\"650\" height=\"433\" \/><\/p>\n<p>&nbsp;<\/p>\n<p><strong>\u201cTacos Para el Alma\u201d en Puntarena <\/strong><\/p>\n<p>\u00bfTe fascinan los tacos? Si es as\u00ed, debes conocer el nuevo men\u00fa exclusivamente de tacos en Puntarena que cuenta con m\u00e1s de diez variedades. Estos tacos llenan el coraz\u00f3n pero m\u00e1s la panza gracias a sus deliciosas mezclas de ingredientes que los hacen \u00fanicos y deliciosos. Dentro de este nuevo men\u00fa destacan los siguientes: Pulpo Despistado: pulpo doradito a la talla y ensalada de nopal, Costra de Chorit\u00fan: chorizo de at\u00fan envuelto en una costra de mozzarella y los\u00a0Eva: BBQ de agave, costilla con hueso y encurtido de habanero. \u00bfC\u00f3mo ves, te puedes resistir?<\/p>\n<p>*Este nuevo men\u00fa esta disponible en Puntarena Oasis Coyoac\u00e1n y Puntarena Downtown<\/p>\n<p><a href=\"http:\/\/www.puntarena.mx\/\" target=\"_blank\" rel=\"noopener\">www.puntarena.mx<\/a><\/p>\n<p>&nbsp;<\/p>\n<p><img loading=\"lazy\" class=\"aligncenter size-especio-thumb-big wp-image-7472\" src=\"https:\/\/www.michelleonbell.com\/blog\/wp-content\/uploads\/2018\/06\/Gravlax-Salmon_-Salmon-curado-crema-vainilla-ikura-hinojo-y-pepinillos-1-768x512-1-760x428.jpg\" alt=\"\" width=\"760\" height=\"428\" srcset=\"https:\/\/www.michelleonbell.com\/blog\/wp-content\/uploads\/2018\/06\/Gravlax-Salmon_-Salmon-curado-crema-vainilla-ikura-hinojo-y-pepinillos-1-768x512-1-760x428.jpg 760w, https:\/\/www.michelleonbell.com\/blog\/wp-content\/uploads\/2018\/06\/Gravlax-Salmon_-Salmon-curado-crema-vainilla-ikura-hinojo-y-pepinillos-1-768x512-1-370x208.jpg 370w, https:\/\/www.michelleonbell.com\/blog\/wp-content\/uploads\/2018\/06\/Gravlax-Salmon_-Salmon-curado-crema-vainilla-ikura-hinojo-y-pepinillos-1-768x512-1-270x152.jpg 270w\" sizes=\"(max-width: 760px) 100vw, 760px\" \/><\/p>\n<p><img loading=\"lazy\" class=\"aligncenter size-especio-thumb-big wp-image-7474\" src=\"https:\/\/www.michelleonbell.com\/blog\/wp-content\/uploads\/2018\/06\/Charcuteria-hecha-en-casa-1-768x512-1-760x428.jpg\" alt=\"\" width=\"760\" height=\"428\" srcset=\"https:\/\/www.michelleonbell.com\/blog\/wp-content\/uploads\/2018\/06\/Charcuteria-hecha-en-casa-1-768x512-1-760x428.jpg 760w, https:\/\/www.michelleonbell.com\/blog\/wp-content\/uploads\/2018\/06\/Charcuteria-hecha-en-casa-1-768x512-1-370x208.jpg 370w, https:\/\/www.michelleonbell.com\/blog\/wp-content\/uploads\/2018\/06\/Charcuteria-hecha-en-casa-1-768x512-1-270x152.jpg 270w\" sizes=\"(max-width: 760px) 100vw, 760px\" \/><\/p>\n<p>&nbsp;<\/p>\n<p><strong>Bonito Palmas <\/strong><\/p>\n<p>Hace un par de meses Ram\u00f3n Orraca junto con el chef Paul Bentley inauguraron su tercera ubicaci\u00f3n de Bonito, en Palmas. Con la apertura de este nuevo restaurante, llega una evoluci\u00f3n integral de Bonito creada en su totalidad por el chef Bentley, reconocido por su restaurante Magno Brasserie en Guadalajara. Aunque comparte nombre con sus contrapartes, la carta del Bonito en Palmas es totalmente distinta. Aqu\u00ed podr\u00e1s gozar un men\u00fa tipo bistr\u00f3, en la que los platillos con inspiraci\u00f3n francesa e italiana conviven por igual. Uno de las novedades m\u00e1s interesantes que Bentley ide\u00f3 para Palmas es sin duda su propuesta de charcuter\u00eda hecha en casa.<\/p>\n<p>Los comensales podr\u00e1n comenzar con charcuter\u00eda como rillette, pate o terrina seguido por el delicioso crudo del d\u00eda o bien el salm\u00f3n curado en casa. De plato fuerte recomendamos la pasta negra con estofado de pulpo, el orecchiette con salchicha de cordero o el medio pollo a la le\u00f1a \u00a1delicioso! No se podr\u00e1n ir sin pedir postre, nuestros favoritos fueron el churro o el pie de manzana verde.<\/p>\n<p><span class=\"LrzXr\">Av. Paseo de las Palmas 810, Lomas de Chapultepec\u00a0\u00a0 Tel: <span class=\"LrzXr zdqRlf kno-fv\"><span data-dtype=\"d3ifr\" data-local-attribute=\"d3ph\">5292 6499<\/span><\/span><br \/>\n<\/span><\/p>\n<p>&nbsp;<\/p>\n<figure id=\"attachment_7421\" aria-describedby=\"caption-attachment-7421\" style=\"width: 650px\" class=\"wp-caption aligncenter\"><img loading=\"lazy\" class=\"wp-image-7421\" src=\"https:\/\/www.michelleonbell.com\/blog\/wp-content\/uploads\/2018\/06\/29497307_762335010630965_702132689385291776_o.jpg\" alt=\"\" width=\"650\" height=\"488\" \/><figcaption id=\"caption-attachment-7421\" class=\"wp-caption-text\">Foto cortes\u00eda Sobremesa<\/figcaption><\/figure>\n<p>&nbsp;<\/p>\n<p><strong>Cocina con pap\u00e1 en Sobremesa<\/strong><\/p>\n<p>El D\u00eda del Padre esta a la vuelta de la esquina, y si buscas celebrar de una forma divertida tenemos la opci\u00f3n perfecta. Sobremesa es un espacio en la colonia Roma que ofrece clases de cocina participativas y demostrativas, talleres especiales alrededor de la gastronom\u00eda y diversas experiencias culinarias.<\/p>\n<p>Para celebrar a pap\u00e1 este pr\u00f3ximo 16 de junio, este lugar ofrecer\u00e1 un taller para aprender a hacer pizza, desde la masa hasta la salsa, utilizando combinaciones especiales. Lo impartir\u00e1 el chef italiano Marco Carboni del reconocido restaurante Sartoria, quien se form\u00f3 en los restaurantes de Massimo Bottura y Gordon Ramsay entre otros. \u00a1Divi\u00e9rtete y cocina con tu hijo!<\/p>\n<p>Para m\u00e1s informaci\u00f3n y reservaciones presiona <a href=\"https:\/\/www.sobremesa.mx\/\" target=\"_blank\" rel=\"noopener\">aqu\u00ed<\/a><\/p>\n","protected":false},"excerpt":{"rendered":"<p>Comenz&oacute; junio y los chilangos nos estamos derritiendo en la capital. &iquest;Pueden creer que la semana pasada rompimos record de temperatura en la CDMX? En fin, habr&aacute; que pensar un&hellip;<\/p>\n","protected":false},"author":2,"featured_media":7476,"comment_status":"open","ping_status":"open","sticky":false,"template":"","format":"standard","meta":{"_exactmetrics_skip_tracking":false,"_exactmetrics_sitenote_active":false,"_exactmetrics_sitenote_note":"","_exactmetrics_sitenote_category":0},"categories":[62],"tags":[1686,1997,1998,1999,194,133,2000],"yoast_head":"<!-- This site is optimized with the Yoast SEO plugin v16.4 - https:\/\/yoast.com\/wordpress\/plugins\/seo\/ -->\n<title>5 Cosas Para Hacer en Junio en la Ciudad de M\u00e9xico - Michelle on Bell<\/title>\n<meta name=\"robots\" content=\"index, follow, max-snippet:-1, max-image-preview:large, max-video-preview:-1\" \/>\n<link rel=\"canonical\" href=\"https:\/\/www.michelleonbell.com\/blog\/5-cosas-para-hacer-en-junio-en-la-ciudad-de-mexico-2-2\/\" \/>\n<meta property=\"og:locale\" content=\"es_ES\" \/>\n<meta property=\"og:type\" content=\"article\" \/>\n<meta property=\"og:title\" content=\"5 Cosas Para Hacer en Junio en la Ciudad de M\u00e9xico - Michelle on Bell\" \/>\n<meta property=\"og:description\" content=\"Comenz&oacute; junio y los chilangos nos estamos derritiendo en la capital. &iquest;Pueden creer que la semana pasada rompimos record de temperatura en la CDMX? En fin, habr&aacute; que pensar un&hellip;\" \/>\n<meta property=\"og:url\" content=\"https:\/\/www.michelleonbell.com\/blog\/5-cosas-para-hacer-en-junio-en-la-ciudad-de-mexico-2-2\/\" \/>\n<meta property=\"og:site_name\" content=\"Michelle on Bell\" \/>\n<meta property=\"article:publisher\" content=\"https:\/\/www.facebook.com\/michelleonbell\/\" \/>\n<meta property=\"article:published_time\" content=\"2018-06-05T23:13:00+00:00\" \/>\n<meta property=\"article:modified_time\" content=\"2022-03-22T23:06:04+00:00\" \/>\n<meta property=\"og:image\" content=\"https:\/\/www.michelleonbell.com\/blog\/wp-content\/uploads\/2018\/06\/MG_4359-1024x683-1.jpg\" \/>\n\t<meta property=\"og:image:width\" content=\"1024\" \/>\n\t<meta property=\"og:image:height\" content=\"683\" \/>\n<meta name=\"twitter:card\" content=\"summary_large_image\" \/>\n<meta name=\"twitter:creator\" content=\"@michelleonbell\" \/>\n<meta name=\"twitter:site\" content=\"@michelleonbell\" \/>\n<meta name=\"twitter:label1\" content=\"Tiempo de lectura\" \/>\n\t<meta name=\"twitter:data1\" content=\"6 minutos\" \/>\n<script type=\"application\/ld+json\" class=\"yoast-schema-graph\">{\"@context\":\"https:\/\/schema.org\",\"@graph\":[{\"@type\":\"Organization\",\"@id\":\"https:\/\/www.michelleonbell.com\/blog\/#organization\",\"name\":\"Michelle Meyer\",\"url\":\"https:\/\/www.michelleonbell.com\/blog\/\",\"sameAs\":[\"https:\/\/www.facebook.com\/michelleonbell\/\",\"https:\/\/www.instagram.com\/michelleonbell\/\",\"https:\/\/twitter.com\/michelleonbell\"],\"logo\":{\"@type\":\"ImageObject\",\"@id\":\"https:\/\/www.michelleonbell.com\/blog\/#logo\",\"inLanguage\":\"es\",\"url\":\"https:\/\/www.michelleonbell.com\/blog\/wp-content\/uploads\/2021\/05\/logo-mob-cropped.png\",\"contentUrl\":\"https:\/\/www.michelleonbell.com\/blog\/wp-content\/uploads\/2021\/05\/logo-mob-cropped.png\",\"width\":200,\"height\":200,\"caption\":\"Michelle Meyer\"},\"image\":{\"@id\":\"https:\/\/www.michelleonbell.com\/blog\/#logo\"}},{\"@type\":\"WebSite\",\"@id\":\"https:\/\/www.michelleonbell.com\/blog\/#website\",\"url\":\"https:\/\/www.michelleonbell.com\/blog\/\",\"name\":\"Michelle on Bell\",\"description\":\"PR Professional, Specialized in Hospitality &amp; Tourism, World Traveler, Foodie, Runner\",\"publisher\":{\"@id\":\"https:\/\/www.michelleonbell.com\/blog\/#organization\"},\"potentialAction\":[{\"@type\":\"SearchAction\",\"target\":\"https:\/\/www.michelleonbell.com\/blog\/?s={search_term_string}\",\"query-input\":\"required name=search_term_string\"}],\"inLanguage\":\"es\"},{\"@type\":\"ImageObject\",\"@id\":\"https:\/\/www.michelleonbell.com\/blog\/5-cosas-para-hacer-en-junio-en-la-ciudad-de-mexico-2-2\/#primaryimage\",\"inLanguage\":\"es\",\"url\":\"https:\/\/www.michelleonbell.com\/blog\/wp-content\/uploads\/2018\/06\/MG_4359-1024x683-1.jpg\",\"contentUrl\":\"https:\/\/www.michelleonbell.com\/blog\/wp-content\/uploads\/2018\/06\/MG_4359-1024x683-1.jpg\",\"width\":1024,\"height\":683},{\"@type\":\"WebPage\",\"@id\":\"https:\/\/www.michelleonbell.com\/blog\/5-cosas-para-hacer-en-junio-en-la-ciudad-de-mexico-2-2\/#webpage\",\"url\":\"https:\/\/www.michelleonbell.com\/blog\/5-cosas-para-hacer-en-junio-en-la-ciudad-de-mexico-2-2\/\",\"name\":\"5 Cosas Para Hacer en Junio en la Ciudad de M\\u00e9xico - Michelle on Bell\",\"isPartOf\":{\"@id\":\"https:\/\/www.michelleonbell.com\/blog\/#website\"},\"primaryImageOfPage\":{\"@id\":\"https:\/\/www.michelleonbell.com\/blog\/5-cosas-para-hacer-en-junio-en-la-ciudad-de-mexico-2-2\/#primaryimage\"},\"datePublished\":\"2018-06-05T23:13:00+00:00\",\"dateModified\":\"2022-03-22T23:06:04+00:00\",\"breadcrumb\":{\"@id\":\"https:\/\/www.michelleonbell.com\/blog\/5-cosas-para-hacer-en-junio-en-la-ciudad-de-mexico-2-2\/#breadcrumb\"},\"inLanguage\":\"es\",\"potentialAction\":[{\"@type\":\"ReadAction\",\"target\":[\"https:\/\/www.michelleonbell.com\/blog\/5-cosas-para-hacer-en-junio-en-la-ciudad-de-mexico-2-2\/\"]}]},{\"@type\":\"BreadcrumbList\",\"@id\":\"https:\/\/www.michelleonbell.com\/blog\/5-cosas-para-hacer-en-junio-en-la-ciudad-de-mexico-2-2\/#breadcrumb\",\"itemListElement\":[{\"@type\":\"ListItem\",\"position\":1,\"item\":{\"@type\":\"WebPage\",\"@id\":\"https:\/\/www.michelleonbell.com\/blog\/\",\"url\":\"https:\/\/www.michelleonbell.com\/blog\/\",\"name\":\"Portada\"}},{\"@type\":\"ListItem\",\"position\":2,\"item\":{\"@id\":\"https:\/\/www.michelleonbell.com\/blog\/5-cosas-para-hacer-en-junio-en-la-ciudad-de-mexico-2-2\/#webpage\"}}]},{\"@type\":\"Article\",\"@id\":\"https:\/\/www.michelleonbell.com\/blog\/5-cosas-para-hacer-en-junio-en-la-ciudad-de-mexico-2-2\/#article\",\"isPartOf\":{\"@id\":\"https:\/\/www.michelleonbell.com\/blog\/5-cosas-para-hacer-en-junio-en-la-ciudad-de-mexico-2-2\/#webpage\"},\"author\":{\"@id\":\"https:\/\/www.michelleonbell.com\/blog\/#\/schema\/person\/e5566a79bd9e9c37a191201dd380c14a\"},\"headline\":\"5 Cosas Para Hacer en Junio en la Ciudad de M\\u00e9xico\",\"datePublished\":\"2018-06-05T23:13:00+00:00\",\"dateModified\":\"2022-03-22T23:06:04+00:00\",\"mainEntityOfPage\":{\"@id\":\"https:\/\/www.michelleonbell.com\/blog\/5-cosas-para-hacer-en-junio-en-la-ciudad-de-mexico-2-2\/#webpage\"},\"wordCount\":944,\"commentCount\":0,\"publisher\":{\"@id\":\"https:\/\/www.michelleonbell.com\/blog\/#organization\"},\"image\":{\"@id\":\"https:\/\/www.michelleonbell.com\/blog\/5-cosas-para-hacer-en-junio-en-la-ciudad-de-mexico-2-2\/#primaryimage\"},\"thumbnailUrl\":\"https:\/\/www.michelleonbell.com\/blog\/wp-content\/uploads\/2018\/06\/MG_4359-1024x683-1.jpg\",\"keywords\":[\"5 cosas para hacer en junio en la cdmx\",\"bonito palmas\",\"festival le\\u00f3n y castilla\",\"negroni week cdmx\",\"puntarena\",\"Sobremesa\",\"tacos en puntarena\"],\"articleSection\":[\"Gu\\u00edas Ciudad de M\\u00e9xico\"],\"inLanguage\":\"es\",\"potentialAction\":[{\"@type\":\"CommentAction\",\"name\":\"Comment\",\"target\":[\"https:\/\/www.michelleonbell.com\/blog\/5-cosas-para-hacer-en-junio-en-la-ciudad-de-mexico-2-2\/#respond\"]}]},{\"@type\":\"Person\",\"@id\":\"https:\/\/www.michelleonbell.com\/blog\/#\/schema\/person\/e5566a79bd9e9c37a191201dd380c14a\",\"name\":\"Michelle Meyer\",\"image\":{\"@type\":\"ImageObject\",\"@id\":\"https:\/\/www.michelleonbell.com\/blog\/#personlogo\",\"inLanguage\":\"es\",\"url\":\"https:\/\/secure.gravatar.com\/avatar\/5bb15fe04b7ebab4877b86735ddc3eb0?s=96&d=mm&r=g\",\"contentUrl\":\"https:\/\/secure.gravatar.com\/avatar\/5bb15fe04b7ebab4877b86735ddc3eb0?s=96&d=mm&r=g\",\"caption\":\"Michelle Meyer\"},\"sameAs\":[\"awbxbe\"]}]}<\/script>\n<!-- \/ Yoast SEO plugin. -->","_links":{"self":[{"href":"https:\/\/www.michelleonbell.com\/blog\/wp-json\/wp\/v2\/posts\/7416"}],"collection":[{"href":"https:\/\/www.michelleonbell.com\/blog\/wp-json\/wp\/v2\/posts"}],"about":[{"href":"https:\/\/www.michelleonbell.com\/blog\/wp-json\/wp\/v2\/types\/post"}],"author":[{"embeddable":true,"href":"https:\/\/www.michelleonbell.com\/blog\/wp-json\/wp\/v2\/users\/2"}],"replies":[{"embeddable":true,"href":"https:\/\/www.michelleonbell.com\/blog\/wp-json\/wp\/v2\/comments?post=7416"}],"version-history":[{"count":2,"href":"https:\/\/www.michelleonbell.com\/blog\/wp-json\/wp\/v2\/posts\/7416\/revisions"}],"predecessor-version":[{"id":7478,"href":"https:\/\/www.michelleonbell.com\/blog\/wp-json\/wp\/v2\/posts\/7416\/revisions\/7478"}],"wp:featuredmedia":[{"embeddable":true,"href":"https:\/\/www.michelleonbell.com\/blog\/wp-json\/wp\/v2\/media\/7476"}],"wp:attachment":[{"href":"https:\/\/www.michelleonbell.com\/blog\/wp-json\/wp\/v2\/media?parent=7416"}],"wp:term":[{"taxonomy":"category","embeddable":true,"href":"https:\/\/www.michelleonbell.com\/blog\/wp-json\/wp\/v2\/categories?post=7416"},{"taxonomy":"post_tag","embeddable":true,"href":"https:\/\/www.michelleonbell.com\/blog\/wp-json\/wp\/v2\/tags?post=7416"}],"curies":[{"name":"wp","href":"https:\/\/api.w.org\/{rel}","templated":true}]}}